{"id":74085,"date":"2018-11-23T15:28:11","date_gmt":"2018-11-23T18:28:11","guid":{"rendered":"http:\/\/www.caririemacao.com\/1\/?p=74085"},"modified":"2018-11-23T15:28:11","modified_gmt":"2018-11-23T18:28:11","slug":"paraibanos-fazem-fila-em-supermercado-para-aproveitar-descontos-da-black-friday","status":"publish","type":"post","link":"https:\/\/www.caririemacao.com\/1\/2018\/11\/23\/paraibanos-fazem-fila-em-supermercado-para-aproveitar-descontos-da-black-friday\/","title":{"rendered":"Paraibanos fazem fila em supermercado para aproveitar descontos da Black Friday"},"content":{"rendered":"<p>Clientes formaram filas nas portas de estabelecimentos comerciais de Jo\u00e3o Pessoa mesmo antes da abertura dos locais com o objetivo de aproveitar os descontos da Black Friday. Esta sexta-feira (23) \u00e9 dedicada \u00e0s promo\u00e7\u00f5es no pre\u00e7o de produtos. \u00c0s 6h da manh\u00e3, por exemplo, dezenas de pessoas se reuniram na entrada em um supermercado no bairro do Miramar para aproveitar os pre\u00e7os baixos.<\/p>\n<p>Os clientes destacaram a import\u00e2ncia do dia na economia familiar. \u201cAcho que \u00e9 muito importante. Reservei um dinheirinho extra e consegui comprar minha televis\u00e3o\u201d, disse um dos consumidores.<\/p>\n<p>De acordo com Rosemiro Bezerra, gerente de um hipermercado, os produtos mais procurados s\u00e3o os eletrodom\u00e9sticos (televis\u00e3o, m\u00e1quinas de lavar e celulares fazem parte dos itens).<\/p>\n<p>Segundo uma pesquisa encomendada pelo Mercado Livre ao IBOPE Conecta, os itens citados acima est\u00e3o entre os principais produtos pesquisados pelos consumidores.\u00a0Smartphones, por exemplo, foram mencionados por 31% dos participantes.<\/p>\n<p>&nbsp;<\/p>\n<p>T5<\/p>\n","protected":false},"excerpt":{"rendered":"<p>Clientes formaram filas nas portas de estabelecimentos comerciais de Jo\u00e3o Pessoa mesmo antes da abertura dos locais com o objetivo de aproveitar os descontos da&hellip; <\/p>\n","protected":false},"author":1,"featured_media":73531,"comment_status":"closed","ping_status":"closed","sticky":false,"template":"","format":"standard","meta":{"sfsi_plus_gutenberg_text_before_share":"","sfsi_plus_gutenberg_show_text_before_share":"","sfsi_plus_gutenberg_icon_type":"","sfsi_plus_gutenberg_icon_alignemt":"","sfsi_plus_gutenburg_max_per_row":"","footnotes":""},"categories":[2],"tags":[],"class_list":["post-74085","post","type-post","status-publish","format-standard","has-post-thumbnail","hentry","category-geral"],"_links":{"self":[{"href":"https:\/\/www.caririemacao.com\/1\/wp-json\/wp\/v2\/posts\/74085","targetHints":{"allow":["GET"]}}],"collection":[{"href":"https:\/\/www.caririemacao.com\/1\/wp-json\/wp\/v2\/posts"}],"about":[{"href":"https:\/\/www.caririemacao.com\/1\/wp-json\/wp\/v2\/types\/post"}],"author":[{"embeddable":true,"href":"https:\/\/www.caririemacao.com\/1\/wp-json\/wp\/v2\/users\/1"}],"replies":[{"embeddable":true,"href":"https:\/\/www.caririemacao.com\/1\/wp-json\/wp\/v2\/comments?post=74085"}],"version-history":[{"count":1,"href":"https:\/\/www.caririemacao.com\/1\/wp-json\/wp\/v2\/posts\/74085\/revisions"}],"predecessor-version":[{"id":74086,"href":"https:\/\/www.caririemacao.com\/1\/wp-json\/wp\/v2\/posts\/74085\/revisions\/74086"}],"wp:featuredmedia":[{"embeddable":true,"href":"https:\/\/www.caririemacao.com\/1\/wp-json\/wp\/v2\/media\/73531"}],"wp:attachment":[{"href":"https:\/\/www.caririemacao.com\/1\/wp-json\/wp\/v2\/media?parent=74085"}],"wp:term":[{"taxonomy":"category","embeddable":true,"href":"https:\/\/www.caririemacao.com\/1\/wp-json\/wp\/v2\/categories?post=74085"},{"taxonomy":"post_tag","embeddable":true,"href":"https:\/\/www.caririemacao.com\/1\/wp-json\/wp\/v2\/tags?post=74085"}],"curies":[{"name":"wp","href":"https:\/\/api.w.org\/{rel}","templated":true}]}}