{"id":74087,"date":"2018-11-23T15:41:03","date_gmt":"2018-11-23T18:41:03","guid":{"rendered":"http:\/\/www.caririemacao.com\/1\/?p=74087"},"modified":"2018-11-23T15:41:03","modified_gmt":"2018-11-23T18:41:03","slug":"prefeitura-de-sume-realiza-programacao-alusiva-ao-dia-de-combate-a-violencia-contra-a-mulher-2","status":"publish","type":"post","link":"https:\/\/www.caririemacao.com\/1\/2018\/11\/23\/prefeitura-de-sume-realiza-programacao-alusiva-ao-dia-de-combate-a-violencia-contra-a-mulher-2\/","title":{"rendered":"Prefeitura de Sum\u00e9 realiza programa\u00e7\u00e3o alusiva ao dia de combate \u00e0 viol\u00eancia contra a mulher"},"content":{"rendered":"<p>A Prefeitura de Sum\u00e9 atrav\u00e9s do Departamento de Divis\u00e3o de Prote\u00e7\u00e3o a Mulher e da Diversidade Humana em parceria com a OAB Subse\u00e7\u00e3o do Cariri, a Universidade Federal de Campina Grande, campus de Sum\u00e9 e o Coletivo Viva Mulher realizou na ter\u00e7a-feira (21\/11), uma palestra dentro da programa\u00e7\u00e3o do 25 de novembro, data em que \u00e9 comemorado o Dia Internacional da N\u00e3o-Viol\u00eancia Contra a Mulher.<\/p>\n<p>A palestra foi ministrada pela advogada e presidente da Comiss\u00e3o de Combate \u00e0 Viol\u00eancia e Impunidade contra a Mulher da OAB\/PB, Katiele Marques. Durante a palestra, Katiele, falou da import\u00e2ncia da mobiliza\u00e7\u00e3o da sociedade para acabar com a viol\u00eancia contra a mulher. A advogada disse ainda, que \u00e9 inadmiss\u00edvel que o Brasil ocupe o 1\u00ba lugar em casos de mortes de jovens negras.<\/p>\n<p>O prefeito \u00c9den Duarte lembrou que sua gest\u00e3o tem implantado pol\u00edticas que possam combater a viol\u00eancia contra as mulheres. Ele destacou a cria\u00e7\u00e3o do Departamento de Divis\u00e3o e de Prote\u00e7\u00e3o \u00e0 Mulher e da Diversidade Humana, setor que est\u00e1 realizando uma s\u00e9rie de a\u00e7\u00f5es para conscientizar as mulheres sobre a import\u00e2ncia de denunciar e que vem dando o apoio necess\u00e1rio para aquelas que s\u00e3o v\u00edtimas de agress\u00f5es.<\/p>\n<p>\u00c9den disse ainda que, a pedido do governador Ricardo Coutinho, articulou com as prefeituras da regi\u00e3o, a cria\u00e7\u00e3o de um termo de coopera\u00e7\u00e3o para a implanta\u00e7\u00e3o de um centro de acolhimento para mulheres que sejam v\u00edtimas de viol\u00eancia.<\/p>\n<p>Na segunda-feira, 26, uma caminhada sobre o tema ser\u00e1 realizada em Sum\u00e9 com concentra\u00e7\u00e3o \u00e0s 7h30min, na pra\u00e7a Jos\u00e9 Am\u00e9rico, percorrendo a Avenida Primeiro de Abril e culminando no Mercado P\u00fablico Municipal com panfletagem.<\/p>\n<p>Ascom\/PMS<\/p>\n","protected":false},"excerpt":{"rendered":"<p>A Prefeitura de Sum\u00e9 atrav\u00e9s do Departamento de Divis\u00e3o de Prote\u00e7\u00e3o a Mulher e da Diversidade Humana em parceria com a OAB Subse\u00e7\u00e3o do Cariri,&hellip; <\/p>\n","protected":false},"author":1,"featured_media":74093,"comment_status":"closed","ping_status":"closed","sticky":false,"template":"","format":"standard","meta":{"sfsi_plus_gutenberg_text_before_share":"","sfsi_plus_gutenberg_show_text_before_share":"","sfsi_plus_gutenberg_icon_type":"","sfsi_plus_gutenberg_icon_alignemt":"","sfsi_plus_gutenburg_max_per_row":"","footnotes":""},"categories":[6],"tags":[],"class_list":["post-74087","post","type-post","status-publish","format-standard","has-post-thumbnail","hentry","category-cidades"],"_links":{"self":[{"href":"https:\/\/www.caririemacao.com\/1\/wp-json\/wp\/v2\/posts\/74087","targetHints":{"allow":["GET"]}}],"collection":[{"href":"https:\/\/www.caririemacao.com\/1\/wp-json\/wp\/v2\/posts"}],"about":[{"href":"https:\/\/www.caririemacao.com\/1\/wp-json\/wp\/v2\/types\/post"}],"author":[{"embeddable":true,"href":"https:\/\/www.caririemacao.com\/1\/wp-json\/wp\/v2\/users\/1"}],"replies":[{"embeddable":true,"href":"https:\/\/www.caririemacao.com\/1\/wp-json\/wp\/v2\/comments?post=74087"}],"version-history":[{"count":1,"href":"https:\/\/www.caririemacao.com\/1\/wp-json\/wp\/v2\/posts\/74087\/revisions"}],"predecessor-version":[{"id":74094,"href":"https:\/\/www.caririemacao.com\/1\/wp-json\/wp\/v2\/posts\/74087\/revisions\/74094"}],"wp:featuredmedia":[{"embeddable":true,"href":"https:\/\/www.caririemacao.com\/1\/wp-json\/wp\/v2\/media\/74093"}],"wp:attachment":[{"href":"https:\/\/www.caririemacao.com\/1\/wp-json\/wp\/v2\/media?parent=74087"}],"wp:term":[{"taxonomy":"category","embeddable":true,"href":"https:\/\/www.caririemacao.com\/1\/wp-json\/wp\/v2\/categories?post=74087"},{"taxonomy":"post_tag","embeddable":true,"href":"https:\/\/www.caririemacao.com\/1\/wp-json\/wp\/v2\/tags?post=74087"}],"curies":[{"name":"wp","href":"https:\/\/api.w.org\/{rel}","templated":true}]}}