{"id":74098,"date":"2018-11-23T16:37:30","date_gmt":"2018-11-23T19:37:30","guid":{"rendered":"http:\/\/www.caririemacao.com\/1\/?p=74098"},"modified":"2018-11-23T16:37:30","modified_gmt":"2018-11-23T19:37:30","slug":"foragido-do-pb1-e-recapturado-quando-se-preparava-para-fugir-com-destino-a-cg","status":"publish","type":"post","link":"https:\/\/www.caririemacao.com\/1\/2018\/11\/23\/foragido-do-pb1-e-recapturado-quando-se-preparava-para-fugir-com-destino-a-cg\/","title":{"rendered":"Foragido do PB1 \u00e9 recapturado quando se preparava para fugir com destino \u00e0 CG"},"content":{"rendered":"<p>Um detento que havia fugido do Pres\u00eddio PB1 foi recapturado na manh\u00e3 desta sexta-feira (23) em Paratibe, zona sul de Jo\u00e3o Pessoa. Rob\u00e9rio Figueiredo da Silva, de 26 anos, mais conhecido como Belo, estava escondido na regi\u00e3o.<\/p>\n<p>Depois de receber uma den\u00fancia an\u00f4nima, policiais militares foram at\u00e9 o local onde o homem estava escondido e constataram o fato. Rob\u00e9rio estaria se preparando para fugir com destino \u00e0 cidade de Campina Grande.<\/p>\n<p>Com o homem, foram apreendidos ainda uma pistola calibre 40 al\u00e9m de carregadores e muni\u00e7\u00f5es. O preso recapturado foi levado para a Central de Pol\u00edcia no bairro do Geisel.<\/p>\n<p>No m\u00eas de setembro um grupo criminoso explodiu os port\u00f5es do PB1 e v\u00e1rios presos conseguiram fugir do local. Rob\u00e9rio estava preso desde o ano de 2011, acusado de participa\u00e7\u00e3o em um grupo criminoso que aterrorizava moradores na regi\u00e3o do bairro Alto do Mateus.<\/p>\n<p>ClickPB<\/p>\n","protected":false},"excerpt":{"rendered":"<p>Um detento que havia fugido do Pres\u00eddio PB1 foi recapturado na manh\u00e3 desta sexta-feira (23) em Paratibe, zona sul de Jo\u00e3o Pessoa. Rob\u00e9rio Figueiredo da&hellip; <\/p>\n","protected":false},"author":1,"featured_media":53585,"comment_status":"closed","ping_status":"closed","sticky":false,"template":"","format":"standard","meta":{"sfsi_plus_gutenberg_text_before_share":"","sfsi_plus_gutenberg_show_text_before_share":"","sfsi_plus_gutenberg_icon_type":"","sfsi_plus_gutenberg_icon_alignemt":"","sfsi_plus_gutenburg_max_per_row":"","footnotes":""},"categories":[12],"tags":[],"class_list":["post-74098","post","type-post","status-publish","format-standard","has-post-thumbnail","hentry","category-policia"],"_links":{"self":[{"href":"https:\/\/www.caririemacao.com\/1\/wp-json\/wp\/v2\/posts\/74098","targetHints":{"allow":["GET"]}}],"collection":[{"href":"https:\/\/www.caririemacao.com\/1\/wp-json\/wp\/v2\/posts"}],"about":[{"href":"https:\/\/www.caririemacao.com\/1\/wp-json\/wp\/v2\/types\/post"}],"author":[{"embeddable":true,"href":"https:\/\/www.caririemacao.com\/1\/wp-json\/wp\/v2\/users\/1"}],"replies":[{"embeddable":true,"href":"https:\/\/www.caririemacao.com\/1\/wp-json\/wp\/v2\/comments?post=74098"}],"version-history":[{"count":1,"href":"https:\/\/www.caririemacao.com\/1\/wp-json\/wp\/v2\/posts\/74098\/revisions"}],"predecessor-version":[{"id":74099,"href":"https:\/\/www.caririemacao.com\/1\/wp-json\/wp\/v2\/posts\/74098\/revisions\/74099"}],"wp:featuredmedia":[{"embeddable":true,"href":"https:\/\/www.caririemacao.com\/1\/wp-json\/wp\/v2\/media\/53585"}],"wp:attachment":[{"href":"https:\/\/www.caririemacao.com\/1\/wp-json\/wp\/v2\/media?parent=74098"}],"wp:term":[{"taxonomy":"category","embeddable":true,"href":"https:\/\/www.caririemacao.com\/1\/wp-json\/wp\/v2\/categories?post=74098"},{"taxonomy":"post_tag","embeddable":true,"href":"https:\/\/www.caririemacao.com\/1\/wp-json\/wp\/v2\/tags?post=74098"}],"curies":[{"name":"wp","href":"https:\/\/api.w.org\/{rel}","templated":true}]}}