{"id":74107,"date":"2018-11-23T22:43:37","date_gmt":"2018-11-24T01:43:37","guid":{"rendered":"http:\/\/www.caririemacao.com\/1\/?p=74107"},"modified":"2018-11-23T22:43:37","modified_gmt":"2018-11-24T01:43:37","slug":"com-viagem-de-ricardo-ligia-e-gervasio-maia-assume-comando-do-governo","status":"publish","type":"post","link":"https:\/\/www.caririemacao.com\/1\/2018\/11\/23\/com-viagem-de-ricardo-ligia-e-gervasio-maia-assume-comando-do-governo\/","title":{"rendered":"Com viagem de Ricardo, L\u00edgia e Gerv\u00e1sio Maia assume comando do governo"},"content":{"rendered":"<p>A\u00a0 vice-governadora da Para\u00edba, L\u00edgia Feliciano (PDT), assumiu, nesta sexta-feira (23), o comando do Pal\u00e1cio da Reden\u00e7\u00e3o, devido \u00e0 aus\u00eancia do governador Ricardo Coutinho (PSB), que se afastou do cargo para uma viagem.<\/p>\n<p>L\u00edgia permanecer\u00e1 como governadora em exerc\u00edcio at\u00e9 a pr\u00f3xima ter\u00e7a-feira (27), quando passar\u00e1 a miss\u00e3o para o presidente da Assembleia Legislativa da Para\u00edba, Gerv\u00e1sio Maia (PSB).<\/p>\n<p>A previs\u00e3o \u00e9 de que Ricardo retorne ao estado na quinta-feira (29).<\/p>\n<p><strong>MaisPB<\/strong><\/p>\n<p>&nbsp;<\/p>\n","protected":false},"excerpt":{"rendered":"<p>A\u00a0 vice-governadora da Para\u00edba, L\u00edgia Feliciano (PDT), assumiu, nesta sexta-feira (23), o comando do Pal\u00e1cio da Reden\u00e7\u00e3o, devido \u00e0 aus\u00eancia do governador Ricardo Coutinho (PSB),&hellip; <\/p>\n","protected":false},"author":1,"featured_media":41329,"comment_status":"closed","ping_status":"closed","sticky":false,"template":"","format":"standard","meta":{"sfsi_plus_gutenberg_text_before_share":"","sfsi_plus_gutenberg_show_text_before_share":"","sfsi_plus_gutenberg_icon_type":"","sfsi_plus_gutenberg_icon_alignemt":"","sfsi_plus_gutenburg_max_per_row":"","footnotes":""},"categories":[11],"tags":[],"class_list":["post-74107","post","type-post","status-publish","format-standard","has-post-thumbnail","hentry","category-politica"],"_links":{"self":[{"href":"https:\/\/www.caririemacao.com\/1\/wp-json\/wp\/v2\/posts\/74107","targetHints":{"allow":["GET"]}}],"collection":[{"href":"https:\/\/www.caririemacao.com\/1\/wp-json\/wp\/v2\/posts"}],"about":[{"href":"https:\/\/www.caririemacao.com\/1\/wp-json\/wp\/v2\/types\/post"}],"author":[{"embeddable":true,"href":"https:\/\/www.caririemacao.com\/1\/wp-json\/wp\/v2\/users\/1"}],"replies":[{"embeddable":true,"href":"https:\/\/www.caririemacao.com\/1\/wp-json\/wp\/v2\/comments?post=74107"}],"version-history":[{"count":1,"href":"https:\/\/www.caririemacao.com\/1\/wp-json\/wp\/v2\/posts\/74107\/revisions"}],"predecessor-version":[{"id":74109,"href":"https:\/\/www.caririemacao.com\/1\/wp-json\/wp\/v2\/posts\/74107\/revisions\/74109"}],"wp:featuredmedia":[{"embeddable":true,"href":"https:\/\/www.caririemacao.com\/1\/wp-json\/wp\/v2\/media\/41329"}],"wp:attachment":[{"href":"https:\/\/www.caririemacao.com\/1\/wp-json\/wp\/v2\/media?parent=74107"}],"wp:term":[{"taxonomy":"category","embeddable":true,"href":"https:\/\/www.caririemacao.com\/1\/wp-json\/wp\/v2\/categories?post=74107"},{"taxonomy":"post_tag","embeddable":true,"href":"https:\/\/www.caririemacao.com\/1\/wp-json\/wp\/v2\/tags?post=74107"}],"curies":[{"name":"wp","href":"https:\/\/api.w.org\/{rel}","templated":true}]}}