{"id":74111,"date":"2018-11-23T22:49:17","date_gmt":"2018-11-24T01:49:17","guid":{"rendered":"http:\/\/www.caririemacao.com\/1\/?p=74111"},"modified":"2018-11-23T22:49:17","modified_gmt":"2018-11-24T01:49:17","slug":"prefeito-cosme-assina-adesao-ao-garantia-safra-2018-2019","status":"publish","type":"post","link":"https:\/\/www.caririemacao.com\/1\/2018\/11\/23\/prefeito-cosme-assina-adesao-ao-garantia-safra-2018-2019\/","title":{"rendered":"Prefeito Cosme Assina Ades\u00e3o ao Garantia Safra 2018\/2019"},"content":{"rendered":"<p>O prefeito Cosme Gon\u00e7alves, assinou nesta quinta-feira (22), em Campina Grande, o termo de ades\u00e3o ao programa Garantia Safra 2018\/2019, junto a Coordena\u00e7\u00e3o Estadual do Programa de Agricultura Familiar, na ocasi\u00e3o, estavam presentes Cristovam Bezerra, Secret\u00e1rio Municipal de Agricultura e Romero Callou, T\u00e9cnico da Emater Local. Com isto, os agricultores do munic\u00edpio que tiverem constatado perda de 50% ou mais de suas lavouras, ter\u00e3o direito a receber o valor fornecido pelo Programa.<\/p>\n<p><a href=\"http:\/\/saojoaodocariri.com\/wp-content\/uploads\/2018\/11\/assinatura_garantiasafra6.jpeg\"><img fetchpriority=\"high\" decoding=\"async\" class=\"aligncenter size-large wp-image-1513\" src=\"http:\/\/saojoaodocariri.com\/wp-content\/uploads\/2018\/11\/assinatura_garantiasafra6-1024x768.jpeg\" sizes=\"(max-width: 640px) 100vw, 640px\" srcset=\"http:\/\/saojoaodocariri.com\/wp-content\/uploads\/2018\/11\/assinatura_garantiasafra6-1024x768.jpeg 1024w, http:\/\/saojoaodocariri.com\/wp-content\/uploads\/2018\/11\/assinatura_garantiasafra6-300x225.jpeg 300w, http:\/\/saojoaodocariri.com\/wp-content\/uploads\/2018\/11\/assinatura_garantiasafra6-768x576.jpeg 768w, http:\/\/saojoaodocariri.com\/wp-content\/uploads\/2018\/11\/assinatura_garantiasafra6.jpeg 1158w\" alt=\"\" width=\"640\" height=\"480\" \/><\/a><\/p>\n<p>O Programa Garantia Safra trata-se de uma pol\u00edtica p\u00fablica em parceria com o governo federal e estadual. A formaliza\u00e7\u00e3o da assinatura ao novo termo de ades\u00e3o do programa realizado pelo chefe do executivo, e a responsabilidade da Secretaria de Agricultura e Meio Ambiente em realizar os cadastros dos agricultores e buscar ampliar o n\u00famero de fam\u00edlias contempladas neste projeto, assegura a indeniza\u00e7\u00e3o do montante e garante melhores condi\u00e7\u00f5es ao agricultor local.<\/p>\n<p>A gest\u00e3o municipal intensifica suas a\u00e7\u00f5es voltadas ao homem do campo e promove o fortalecimento da economia local, j\u00e1 que a diversifica\u00e7\u00e3o da agricultura familiar corresponde em boa parte dos n\u00fameros indicadores do crescimento socioecon\u00f4mico do munic\u00edpio, onde a fruticultura irrigada \u00e9 a principal atividade na regi\u00e3o e cresce ap\u00f3s sucessivas perdas.<\/p>\n<p>Em completa consci\u00eancia de seu compromisso com a popula\u00e7\u00e3o, o gestor municipal acrescentou:\u00a0 \u201cNossa preocupa\u00e7\u00e3o \u00e9 de garantir o sustento e o desenvolvimento para o nosso agricultor. Fui eleito prefeito para cuidar do povo de S\u00e3o Jo\u00e3o do Cariri\u201d, explicou Cosme.<\/p>\n<p>&nbsp;<\/p>\n<p>Ascom\/SSC<\/p>\n","protected":false},"excerpt":{"rendered":"<p>O prefeito Cosme Gon\u00e7alves, assinou nesta quinta-feira (22), em Campina Grande, o termo de ades\u00e3o ao programa Garantia Safra 2018\/2019, junto a Coordena\u00e7\u00e3o Estadual do&hellip; <\/p>\n","protected":false},"author":1,"featured_media":74112,"comment_status":"closed","ping_status":"closed","sticky":false,"template":"","format":"standard","meta":{"sfsi_plus_gutenberg_text_before_share":"","sfsi_plus_gutenberg_show_text_before_share":"","sfsi_plus_gutenberg_icon_type":"","sfsi_plus_gutenberg_icon_alignemt":"","sfsi_plus_gutenburg_max_per_row":"","footnotes":""},"categories":[6],"tags":[],"class_list":["post-74111","post","type-post","status-publish","format-standard","has-post-thumbnail","hentry","category-cidades"],"_links":{"self":[{"href":"https:\/\/www.caririemacao.com\/1\/wp-json\/wp\/v2\/posts\/74111","targetHints":{"allow":["GET"]}}],"collection":[{"href":"https:\/\/www.caririemacao.com\/1\/wp-json\/wp\/v2\/posts"}],"about":[{"href":"https:\/\/www.caririemacao.com\/1\/wp-json\/wp\/v2\/types\/post"}],"author":[{"embeddable":true,"href":"https:\/\/www.caririemacao.com\/1\/wp-json\/wp\/v2\/users\/1"}],"replies":[{"embeddable":true,"href":"https:\/\/www.caririemacao.com\/1\/wp-json\/wp\/v2\/comments?post=74111"}],"version-history":[{"count":1,"href":"https:\/\/www.caririemacao.com\/1\/wp-json\/wp\/v2\/posts\/74111\/revisions"}],"predecessor-version":[{"id":74113,"href":"https:\/\/www.caririemacao.com\/1\/wp-json\/wp\/v2\/posts\/74111\/revisions\/74113"}],"wp:featuredmedia":[{"embeddable":true,"href":"https:\/\/www.caririemacao.com\/1\/wp-json\/wp\/v2\/media\/74112"}],"wp:attachment":[{"href":"https:\/\/www.caririemacao.com\/1\/wp-json\/wp\/v2\/media?parent=74111"}],"wp:term":[{"taxonomy":"category","embeddable":true,"href":"https:\/\/www.caririemacao.com\/1\/wp-json\/wp\/v2\/categories?post=74111"},{"taxonomy":"post_tag","embeddable":true,"href":"https:\/\/www.caririemacao.com\/1\/wp-json\/wp\/v2\/tags?post=74111"}],"curies":[{"name":"wp","href":"https:\/\/api.w.org\/{rel}","templated":true}]}}