{"id":74114,"date":"2018-11-23T22:56:55","date_gmt":"2018-11-24T01:56:55","guid":{"rendered":"http:\/\/www.caririemacao.com\/1\/?p=74114"},"modified":"2018-11-23T22:56:55","modified_gmt":"2018-11-24T01:56:55","slug":"cancer-e-a-segunda-causa-de-morte-entre-criancas-e-adolescentes","status":"publish","type":"post","link":"https:\/\/www.caririemacao.com\/1\/2018\/11\/23\/cancer-e-a-segunda-causa-de-morte-entre-criancas-e-adolescentes\/","title":{"rendered":"C\u00e2ncer \u00e9 a segunda causa de morte entre crian\u00e7as e adolescentes"},"content":{"rendered":"<p>O c\u00e2ncer \u00e9 a segunda causa de morte entre crian\u00e7as e adolescentes de um a 19 anos no pa\u00eds, atr\u00e1s apenas das mortes por acidente. Entre as doen\u00e7as, \u00e9 a que mais mata nesta faixa et\u00e1ria.<\/p>\n<p>Para 2019, s\u00e3o esperados mais 12,5 mil novos casos. A boa not\u00edcia, entretanto, \u00e9 que, em crian\u00e7as, o potencial de cura \u00e9 ainda mais alto do que nos adultos, devido ao tipo de c\u00e9lulas que atingem.<\/p>\n<p>As chances de cura s\u00e3o de 80%. No Dia Nacional de Combate ao C\u00e2ncer, celebrado hoje (23) e criado h\u00e1 10 anos para conscientizar sobre a doen\u00e7a, a chefe da pediatria do Instituto Nacional do C\u00e2ncer (Inca), Sima Ferman, destaca a import\u00e2ncia do diagn\u00f3stico precoce.<\/p>\n<p>\u201cOs tipos mais comuns que ocorrem em crian\u00e7as s\u00e3o as leucemias, os tumores de sistema nervoso central e os linfomas. Mas tamb\u00e9m h\u00e1 outros tumores que s\u00e3o muito caracter\u00edsticos que ocorrem em crian\u00e7as. Todos eles s\u00e3o relativamente raros, se for comparar com os que acontecem nos adultos.\u00a0 Mas eles assumem uma import\u00e2ncia muito grande porque s\u00e3o altamente cur\u00e1veis e, quanto mais precocemente for feito o diagn\u00f3stico, eu vou poder curar essas crian\u00e7as com menos tratamento\u201d, disse.<\/p>\n<p><img decoding=\"async\" class=\"aligncenter size-full wp-image-250462 lazyload\" data-src=\"https:\/\/paraibaonline.com.br\/wp-content\/uploads\/2018\/02\/cancer-infantil.jpg\" alt=\"\" src=\"data:image\/svg+xml;base64,PHN2ZyB3aWR0aD0iMSIgaGVpZ2h0PSIxIiB4bWxucz0iaHR0cDovL3d3dy53My5vcmcvMjAwMC9zdmciPjwvc3ZnPg==\" \/><\/p>\n<p>Sima explica que as dificuldades para o diagn\u00f3stico s\u00e3o maiores em crian\u00e7as do que em adultos pelos sintomas muito parecidos com doen\u00e7as comuns.<\/p>\n<p>No entanto, a garantia de mais recursos, mais profissionais e estrutura\u00e7\u00e3o do Sistema \u00danico de Sa\u00fade (SUS), onde a maior parte das crian\u00e7as \u00e9 tratada, poderia garantir mais sucesso.<\/p>\n<p>\u201cO que temos que pensar \u00e9 que c\u00e2ncer na crian\u00e7a \u00e9 um problema de sa\u00fade p\u00fablica. H\u00e1 necessidade realmente de um grande investimento. \u00c9 necess\u00e1rio ter centros especializados na aten\u00e7\u00e3o \u00e0 crian\u00e7a em todo o Brasil e mais pr\u00f3ximos aos locais onde as crian\u00e7as vivem\u201d, afirma a m\u00e9dica.<\/p>\n<p>Sandra N\u00f3brega conhece bem de perto o drama das fam\u00edlias que precisam se deslocar v\u00e1rios quil\u00f4metros para se tratar na capital.<\/p>\n<p>Fundadora e diretora da Casa de Apoio \u00e0 Crian\u00e7a com C\u00e2ncer Santa Teresa, que acolhe pacientes e seus familiares no Rio, ela refor\u00e7a que o grande desafio \u00e9 de fato mais estrutura.<\/p>\n<p>\u201cOs diagn\u00f3sticos precoces ainda est\u00e3o muito falhos. N\u00e3o \u00e9 r\u00e1pido o resultado dos exames nos postos de sa\u00fade\u201d, conta.<\/p>\n<p>O direito \u00e0 cultura para as crian\u00e7as e adolescentes com c\u00e2ncer associado ao direito \u00e0 sa\u00fade p\u00fablica de qualidade est\u00e3o tamb\u00e9m no topo da preocupa\u00e7\u00e3o de uma organiza\u00e7\u00e3o que conhece de perto as dores e sorrisos das crian\u00e7as com c\u00e2ncer.<\/p>\n<p>Ronaldo Aguiar, diretor art\u00edstico da Doutores da Alegria, conta o relato de uma m\u00e3e e se associa \u00e0 defesa de que \u00e9 preciso mais sa\u00fade p\u00fablica.<\/p>\n<p>\u201cAs pessoas n\u00e3o sabem da import\u00e2ncia do SUS. Ter um sistema \u00fanico de sa\u00fade, que \u00e9 universal e atende todos os tipos de doen\u00e7a. A sa\u00fade \u00e9 um direito\u201d, disse Aguiar.<\/p>\n<p>Diferente dos adultos, nos quais muitas vezes o c\u00e2ncer est\u00e1 associado tamb\u00e9m a h\u00e1bitos de vida, nas crian\u00e7as \u00e9 mais dif\u00edcil falar em preven\u00e7\u00e3o, pois n\u00e3o h\u00e1 uma rela\u00e7\u00e3o estabelecida entre causa e efeito.<\/p>\n<p>O Inca refor\u00e7a que a melhor forma de controle \u00e9 o diagn\u00f3stico precoce a partir de um acompanhamento m\u00e9dico regular.<\/p>\n","protected":false},"excerpt":{"rendered":"<p>O c\u00e2ncer \u00e9 a segunda causa de morte entre crian\u00e7as e adolescentes de um a 19 anos no pa\u00eds, atr\u00e1s apenas das mortes por acidente.&hellip; <\/p>\n","protected":false},"author":1,"featured_media":74115,"comment_status":"closed","ping_status":"closed","sticky":false,"template":"","format":"standard","meta":{"sfsi_plus_gutenberg_text_before_share":"","sfsi_plus_gutenberg_show_text_before_share":"","sfsi_plus_gutenberg_icon_type":"","sfsi_plus_gutenberg_icon_alignemt":"","sfsi_plus_gutenburg_max_per_row":"","footnotes":""},"categories":[16],"tags":[],"class_list":["post-74114","post","type-post","status-publish","format-standard","has-post-thumbnail","hentry","category-saude"],"_links":{"self":[{"href":"https:\/\/www.caririemacao.com\/1\/wp-json\/wp\/v2\/posts\/74114","targetHints":{"allow":["GET"]}}],"collection":[{"href":"https:\/\/www.caririemacao.com\/1\/wp-json\/wp\/v2\/posts"}],"about":[{"href":"https:\/\/www.caririemacao.com\/1\/wp-json\/wp\/v2\/types\/post"}],"author":[{"embeddable":true,"href":"https:\/\/www.caririemacao.com\/1\/wp-json\/wp\/v2\/users\/1"}],"replies":[{"embeddable":true,"href":"https:\/\/www.caririemacao.com\/1\/wp-json\/wp\/v2\/comments?post=74114"}],"version-history":[{"count":1,"href":"https:\/\/www.caririemacao.com\/1\/wp-json\/wp\/v2\/posts\/74114\/revisions"}],"predecessor-version":[{"id":74116,"href":"https:\/\/www.caririemacao.com\/1\/wp-json\/wp\/v2\/posts\/74114\/revisions\/74116"}],"wp:featuredmedia":[{"embeddable":true,"href":"https:\/\/www.caririemacao.com\/1\/wp-json\/wp\/v2\/media\/74115"}],"wp:attachment":[{"href":"https:\/\/www.caririemacao.com\/1\/wp-json\/wp\/v2\/media?parent=74114"}],"wp:term":[{"taxonomy":"category","embeddable":true,"href":"https:\/\/www.caririemacao.com\/1\/wp-json\/wp\/v2\/categories?post=74114"},{"taxonomy":"post_tag","embeddable":true,"href":"https:\/\/www.caririemacao.com\/1\/wp-json\/wp\/v2\/tags?post=74114"}],"curies":[{"name":"wp","href":"https:\/\/api.w.org\/{rel}","templated":true}]}}