{"id":74126,"date":"2018-11-24T01:12:25","date_gmt":"2018-11-24T04:12:25","guid":{"rendered":"http:\/\/www.caririemacao.com\/1\/?p=74126"},"modified":"2018-11-24T01:12:25","modified_gmt":"2018-11-24T04:12:25","slug":"sumeense-recebe-mencao-honrosa-da-obmep","status":"publish","type":"post","link":"https:\/\/www.caririemacao.com\/1\/2018\/11\/24\/sumeense-recebe-mencao-honrosa-da-obmep\/","title":{"rendered":"Sumeense recebe Men\u00e7\u00e3o Honrosa da OBMEP"},"content":{"rendered":"<p>A Escola Estadual Professor Jos\u00e9 de Queiroz foi destaque na OBMEP &#8211; Olimp\u00edada Brasileira de Matem\u00e1tica das Escolas P\u00fablicas, atrav\u00e9s do aluno Ytalo Gustavo do 1\u00b0 A.<\/p>\n<p>Ytalo recebeu certificado com Men\u00e7\u00e3o Honrosa pela brilhante participa\u00e7\u00e3o na olimp\u00edada de matem\u00e1tica que ocorre anualmente e tem como objetivo estimular e promover o estudo da Matem\u00e1tica entre alunos da institui\u00e7\u00f5es p\u00fablicas de ensino.<\/p>\n<p>A diretora Edilza Oliveira parabenizou o aluno e agradeceu o empenho dos professores de Ytalo Gustavo. \u201cEle n\u00e3o venceu nenhum campeonato de futebol tampouco chegou em primeiro lugar na reta final de uma corrida de atletismo. A premia\u00e7\u00e3o foi muito al\u00e9m, \u00e9 um reconhecimento para seu futuro intelectual e profissional. Parab\u00e9ns a todos envolvidos pelo certificado de Men\u00e7\u00e3o Honrosa\u201d, agradeceu.<\/p>\n<p>A Olimp\u00edada Brasileira de Matem\u00e1tica das Escolas P\u00fablicas (OBMEP) \u00e9 um projeto criado para estimular o estudo da Matem\u00e1tica entre alunos e professores de todo o pa\u00eds. Promovida pelo Minist\u00e9rio da Ci\u00eancia e Tecnologia (MCT) e pelo Minist\u00e9rio da Educa\u00e7\u00e3o (MEC), \u00e9 realizada pelo Instituto Nacional de Matem\u00e1tica Pura e Aplicada (IMPA) com o apoio da Sociedade Brasileira de Matem\u00e1tica (SBM).<\/p>\n<p>Ytalo Gustavo \u00e9 filho do professor sumeense Jo\u00e3o Paulo Chagas.<\/p>\n","protected":false},"excerpt":{"rendered":"<p>A Escola Estadual Professor Jos\u00e9 de Queiroz foi destaque na OBMEP &#8211; Olimp\u00edada Brasileira de Matem\u00e1tica das Escolas P\u00fablicas, atrav\u00e9s do aluno Ytalo Gustavo do&hellip; <\/p>\n","protected":false},"author":2,"featured_media":74127,"comment_status":"closed","ping_status":"closed","sticky":false,"template":"","format":"standard","meta":{"sfsi_plus_gutenberg_text_before_share":"","sfsi_plus_gutenberg_show_text_before_share":"","sfsi_plus_gutenberg_icon_type":"","sfsi_plus_gutenberg_icon_alignemt":"","sfsi_plus_gutenburg_max_per_row":"","footnotes":""},"categories":[50,14],"tags":[],"class_list":["post-74126","post","type-post","status-publish","format-standard","has-post-thumbnail","hentry","category-destaque","category-educacao"],"_links":{"self":[{"href":"https:\/\/www.caririemacao.com\/1\/wp-json\/wp\/v2\/posts\/74126","targetHints":{"allow":["GET"]}}],"collection":[{"href":"https:\/\/www.caririemacao.com\/1\/wp-json\/wp\/v2\/posts"}],"about":[{"href":"https:\/\/www.caririemacao.com\/1\/wp-json\/wp\/v2\/types\/post"}],"author":[{"embeddable":true,"href":"https:\/\/www.caririemacao.com\/1\/wp-json\/wp\/v2\/users\/2"}],"replies":[{"embeddable":true,"href":"https:\/\/www.caririemacao.com\/1\/wp-json\/wp\/v2\/comments?post=74126"}],"version-history":[{"count":1,"href":"https:\/\/www.caririemacao.com\/1\/wp-json\/wp\/v2\/posts\/74126\/revisions"}],"predecessor-version":[{"id":74128,"href":"https:\/\/www.caririemacao.com\/1\/wp-json\/wp\/v2\/posts\/74126\/revisions\/74128"}],"wp:featuredmedia":[{"embeddable":true,"href":"https:\/\/www.caririemacao.com\/1\/wp-json\/wp\/v2\/media\/74127"}],"wp:attachment":[{"href":"https:\/\/www.caririemacao.com\/1\/wp-json\/wp\/v2\/media?parent=74126"}],"wp:term":[{"taxonomy":"category","embeddable":true,"href":"https:\/\/www.caririemacao.com\/1\/wp-json\/wp\/v2\/categories?post=74126"},{"taxonomy":"post_tag","embeddable":true,"href":"https:\/\/www.caririemacao.com\/1\/wp-json\/wp\/v2\/tags?post=74126"}],"curies":[{"name":"wp","href":"https:\/\/api.w.org\/{rel}","templated":true}]}}