{"id":74157,"date":"2018-11-24T08:18:04","date_gmt":"2018-11-24T11:18:04","guid":{"rendered":"http:\/\/www.caririemacao.com\/1\/?p=74157"},"modified":"2018-11-24T08:20:38","modified_gmt":"2018-11-24T11:20:38","slug":"camara-de-sao-joao-do-cariri-aprova-convocacao-do-prefeito-cosme-para-a-proxima-reuniao","status":"publish","type":"post","link":"https:\/\/www.caririemacao.com\/1\/2018\/11\/24\/camara-de-sao-joao-do-cariri-aprova-convocacao-do-prefeito-cosme-para-a-proxima-reuniao\/","title":{"rendered":"C\u00e2mara de S\u00e3o Jo\u00e3o do Cariri aprova convoca\u00e7\u00e3o do prefeito Cosme para a pr\u00f3xima reuni\u00e3o"},"content":{"rendered":"<p>A C\u00e2mara Municipal de S\u00e3o Jo\u00e3o do Cariri esteve reunida na noite desta sexta-feira (23), presidida pelo vereador H\u00e9lio Morais. O Parlamento aprovou uma s\u00e9rie de solicita\u00e7\u00f5es e projetos de leis.<\/p>\n<p><img fetchpriority=\"high\" decoding=\"async\" class=\"aligncenter wp-image-74168 size-full\" src=\"http:\/\/www.caririemacao.com\/1\/wp-content\/uploads\/2018\/11\/DSC_1476-20181124.jpg\" alt=\"\" width=\"1600\" height=\"1067\" srcset=\"https:\/\/www.caririemacao.com\/1\/wp-content\/uploads\/2018\/11\/DSC_1476-20181124.jpg 1600w, https:\/\/www.caririemacao.com\/1\/wp-content\/uploads\/2018\/11\/DSC_1476-20181124-300x200.jpg 300w, https:\/\/www.caririemacao.com\/1\/wp-content\/uploads\/2018\/11\/DSC_1476-20181124-768x512.jpg 768w, https:\/\/www.caririemacao.com\/1\/wp-content\/uploads\/2018\/11\/DSC_1476-20181124-1024x683.jpg 1024w\" sizes=\"(max-width: 1600px) 100vw, 1600px\" \/><\/p>\n<p>O vereador Chic\u00e3o Medeiros solicitou ao prefeito Cosme a inclus\u00e3o do Distrito Malhada da Ro\u00e7a no programa do Servi\u00e7o de Conviv\u00eancia de Fortalecimento de V\u00ednculo (SCFV).<\/p>\n<p><img decoding=\"async\" class=\"alignnone wp-image-74167 size-full lazyload\" data-src=\"http:\/\/www.caririemacao.com\/1\/wp-content\/uploads\/2018\/11\/DSC_1473-20181124.jpg\" alt=\"\" width=\"1600\" height=\"1067\" data-srcset=\"https:\/\/www.caririemacao.com\/1\/wp-content\/uploads\/2018\/11\/DSC_1473-20181124.jpg 1600w, https:\/\/www.caririemacao.com\/1\/wp-content\/uploads\/2018\/11\/DSC_1473-20181124-300x200.jpg 300w, https:\/\/www.caririemacao.com\/1\/wp-content\/uploads\/2018\/11\/DSC_1473-20181124-768x512.jpg 768w, https:\/\/www.caririemacao.com\/1\/wp-content\/uploads\/2018\/11\/DSC_1473-20181124-1024x683.jpg 1024w\" data-sizes=\"(max-width: 1600px) 100vw, 1600px\" src=\"data:image\/svg+xml;base64,PHN2ZyB3aWR0aD0iMSIgaGVpZ2h0PSIxIiB4bWxucz0iaHR0cDovL3d3dy53My5vcmcvMjAwMC9zdmciPjwvc3ZnPg==\" style=\"--smush-placeholder-width: 1600px; --smush-placeholder-aspect-ratio: 1600\/1067;\" \/><\/p>\n<p>Robson Brito requereu a instala\u00e7\u00e3o dos canos da rede de esgoto na rua que fica na lateral da Policlina, localizada na sa\u00edda para Parari.<\/p>\n<p><img decoding=\"async\" class=\"aligncenter wp-image-74164 size-full lazyload\" data-src=\"http:\/\/www.caririemacao.com\/1\/wp-content\/uploads\/2018\/11\/DSC_1452-20181124.jpg\" alt=\"\" width=\"1600\" height=\"1067\" data-srcset=\"https:\/\/www.caririemacao.com\/1\/wp-content\/uploads\/2018\/11\/DSC_1452-20181124.jpg 1600w, https:\/\/www.caririemacao.com\/1\/wp-content\/uploads\/2018\/11\/DSC_1452-20181124-300x200.jpg 300w, https:\/\/www.caririemacao.com\/1\/wp-content\/uploads\/2018\/11\/DSC_1452-20181124-768x512.jpg 768w, https:\/\/www.caririemacao.com\/1\/wp-content\/uploads\/2018\/11\/DSC_1452-20181124-1024x683.jpg 1024w\" data-sizes=\"(max-width: 1600px) 100vw, 1600px\" src=\"data:image\/svg+xml;base64,PHN2ZyB3aWR0aD0iMSIgaGVpZ2h0PSIxIiB4bWxucz0iaHR0cDovL3d3dy53My5vcmcvMjAwMC9zdmciPjwvc3ZnPg==\" style=\"--smush-placeholder-width: 1600px; --smush-placeholder-aspect-ratio: 1600\/1067;\" \/><\/p>\n<p>Durante a sess\u00e3o, tamb\u00e9m aprovada dois requerimentos de autoria do vereador D\u00e3o, onde o mesmo solicita que a Gest\u00e3o Municipal d\u00ea in\u00edcio a Ornamenta\u00e7\u00e3o Natalina nas Ruas da Cidade e no Distrito Malhada da Ro\u00e7a. J\u00e1 no seu segundo, o vereador D\u00e3o solicitou ao secret\u00e1rio de Infraestrutura do munic\u00edpio, a realiza\u00e7\u00e3o de reparos no muro de arrimo da ponte velha, que d\u00e1 acesso ao conjunto Yolanda Medeiros.<\/p>\n<p>Tamb\u00e9m foi aprovado o PL de N\u00ba 04\/2018, de autoria do vereador D\u00e3o, que cria um evento dedicado aos estudantes do munic\u00edpio, denominado \u201cVirada Estudantil\u201d. O vereador tamb\u00e9m apresentou um voto de aplausos em nome da senhora L\u00eada Maria Cantalice de Medeiros pelos relevantes servi\u00e7os prestados ao munic\u00edpio.<\/p>\n<p><img decoding=\"async\" class=\"aligncenter wp-image-74169 size-full lazyload\" data-src=\"http:\/\/www.caririemacao.com\/1\/wp-content\/uploads\/2018\/11\/DSC_1455-20181124.jpg\" alt=\"\" width=\"1600\" height=\"1067\" data-srcset=\"https:\/\/www.caririemacao.com\/1\/wp-content\/uploads\/2018\/11\/DSC_1455-20181124.jpg 1600w, https:\/\/www.caririemacao.com\/1\/wp-content\/uploads\/2018\/11\/DSC_1455-20181124-300x200.jpg 300w, https:\/\/www.caririemacao.com\/1\/wp-content\/uploads\/2018\/11\/DSC_1455-20181124-768x512.jpg 768w, https:\/\/www.caririemacao.com\/1\/wp-content\/uploads\/2018\/11\/DSC_1455-20181124-1024x683.jpg 1024w\" data-sizes=\"(max-width: 1600px) 100vw, 1600px\" src=\"data:image\/svg+xml;base64,PHN2ZyB3aWR0aD0iMSIgaGVpZ2h0PSIxIiB4bWxucz0iaHR0cDovL3d3dy53My5vcmcvMjAwMC9zdmciPjwvc3ZnPg==\" style=\"--smush-placeholder-width: 1600px; --smush-placeholder-aspect-ratio: 1600\/1067;\" \/><\/p>\n<p>O Parlamento tamb\u00e9m aprovou um voto de profundo pesar em nome de Jos\u00e9 Ezequiel Urbano Ferreira, de autoria do vereador l\u00edder do governo, Francisco Joaquim J\u00fanior.<\/p>\n<p><img decoding=\"async\" class=\"aligncenter wp-image-74165 size-full lazyload\" data-src=\"http:\/\/www.caririemacao.com\/1\/wp-content\/uploads\/2018\/11\/DSC_1468-20181124.jpg\" alt=\"\" width=\"1600\" height=\"1067\" data-srcset=\"https:\/\/www.caririemacao.com\/1\/wp-content\/uploads\/2018\/11\/DSC_1468-20181124.jpg 1600w, https:\/\/www.caririemacao.com\/1\/wp-content\/uploads\/2018\/11\/DSC_1468-20181124-300x200.jpg 300w, https:\/\/www.caririemacao.com\/1\/wp-content\/uploads\/2018\/11\/DSC_1468-20181124-768x512.jpg 768w, https:\/\/www.caririemacao.com\/1\/wp-content\/uploads\/2018\/11\/DSC_1468-20181124-1024x683.jpg 1024w\" data-sizes=\"(max-width: 1600px) 100vw, 1600px\" src=\"data:image\/svg+xml;base64,PHN2ZyB3aWR0aD0iMSIgaGVpZ2h0PSIxIiB4bWxucz0iaHR0cDovL3d3dy53My5vcmcvMjAwMC9zdmciPjwvc3ZnPg==\" style=\"--smush-placeholder-width: 1600px; --smush-placeholder-aspect-ratio: 1600\/1067;\" \/><\/p>\n<p>O vereador George Aquino convocou, atrav\u00e9s de requerimento, aprovado pelo Poder Legislativo, o prefeito Cosme Gon\u00e7alves, para que o mesmo esteja presente na sess\u00e3o, que ser\u00e1 realizada no dia 07 de Dezembro 2018, com objetivo de que o gestor possa prestar explica\u00e7\u00f5es sobre a a\u00e7\u00e3o de interdi\u00e7\u00e3o, movida pelo Minist\u00e9rio P\u00fablico da Para\u00edba em seu desfavor.<\/p>\n<p>O vereador socialista tamb\u00e9m solicitou ao Minist\u00e9rio P\u00fablico, em c\u00e1rter de urg\u00eancia, informa\u00e7\u00f5es sobre a a\u00e7\u00e3o de interdi\u00e7\u00e3o contra Cosme. As informa\u00e7\u00f5es dever\u00e3o ser encaminhadas \u00e0 C\u00e2mara Municipal, atrav\u00e9s do representante do MP, o promotor, Dr. Jos\u00e9 Bezerra Diniz.<\/p>\n<p><img decoding=\"async\" class=\"aligncenter wp-image-74172 size-full lazyload\" data-src=\"http:\/\/www.caririemacao.com\/1\/wp-content\/uploads\/2018\/11\/DSC_1480-20181124.jpg\" alt=\"\" width=\"1600\" height=\"1067\" data-srcset=\"https:\/\/www.caririemacao.com\/1\/wp-content\/uploads\/2018\/11\/DSC_1480-20181124.jpg 1600w, https:\/\/www.caririemacao.com\/1\/wp-content\/uploads\/2018\/11\/DSC_1480-20181124-300x200.jpg 300w, https:\/\/www.caririemacao.com\/1\/wp-content\/uploads\/2018\/11\/DSC_1480-20181124-768x512.jpg 768w, https:\/\/www.caririemacao.com\/1\/wp-content\/uploads\/2018\/11\/DSC_1480-20181124-1024x683.jpg 1024w\" data-sizes=\"(max-width: 1600px) 100vw, 1600px\" src=\"data:image\/svg+xml;base64,PHN2ZyB3aWR0aD0iMSIgaGVpZ2h0PSIxIiB4bWxucz0iaHR0cDovL3d3dy53My5vcmcvMjAwMC9zdmciPjwvc3ZnPg==\" style=\"--smush-placeholder-width: 1600px; --smush-placeholder-aspect-ratio: 1600\/1067;\" \/><\/p>\n<p>O parlamento ainda aprovou os PL 08\/2018 que cria o Concelho Municipal de Saneamento B\u00e1sico do munic\u00edpio, de autoria do Poder Executivo.<\/p>\n<p>Por fim, outro projeto apresentado foi a Lei Or\u00e7ament\u00e1ria Anual (LOA) para o exerc\u00edcio de 2019. O PL foi encaminhado para as comiss\u00f5es.<\/p>\n<p><div class=\"ose- ose-uid-96a6e4d5b7a45ffb0015ae2313ee009e ose-embedpress-responsive\" style=\"width:600px; height:550px; max-height:550px; max-width:100%; display:inline-block;\" data-embed-type=\"Facebook\"><iframe allowFullScreen=\"true\" class=\"embera-facebook-iframe-7e41f lazyload\" data-src=\"https:\/\/www.facebook.com\/plugins\/post.php?href=https%3A%2F%2Fwww.facebook.com%2Fmedia%2Fset%2F%3Fset%3Da.1413505302118822%26%23038%3Btype%3D1%26%23038%3Bl%3Db89e242980&width=600&height=550&show_text=true\" width=\"600\" height=\"550\" style=\"border:none;overflow:hidden\" scrolling=\"no\" frameborder=\"0\" allowTransparency=\"true\" src=\"data:image\/svg+xml;base64,PHN2ZyB3aWR0aD0iMSIgaGVpZ2h0PSIxIiB4bWxucz0iaHR0cDovL3d3dy53My5vcmcvMjAwMC9zdmciPjwvc3ZnPg==\" data-load-mode=\"1\"><\/iframe><\/div><\/p>\n<p style=\"text-align: right;\"><em><strong>\u00a0Reda\u00e7\u00e3o\u00a0<\/strong><\/em><\/p>\n","protected":false},"excerpt":{"rendered":"<p>A C\u00e2mara Municipal de S\u00e3o Jo\u00e3o do Cariri esteve reunida na noite desta sexta-feira (23), presidida pelo vereador H\u00e9lio Morais. O Parlamento aprovou uma s\u00e9rie&hellip; <\/p>\n","protected":false},"author":2,"featured_media":74170,"comment_status":"closed","ping_status":"closed","sticky":false,"template":"","format":"standard","meta":{"sfsi_plus_gutenberg_text_before_share":"","sfsi_plus_gutenberg_show_text_before_share":"","sfsi_plus_gutenberg_icon_type":"","sfsi_plus_gutenberg_icon_alignemt":"","sfsi_plus_gutenburg_max_per_row":"","footnotes":""},"categories":[11],"tags":[],"class_list":["post-74157","post","type-post","status-publish","format-standard","has-post-thumbnail","hentry","category-politica"],"_links":{"self":[{"href":"https:\/\/www.caririemacao.com\/1\/wp-json\/wp\/v2\/posts\/74157","targetHints":{"allow":["GET"]}}],"collection":[{"href":"https:\/\/www.caririemacao.com\/1\/wp-json\/wp\/v2\/posts"}],"about":[{"href":"https:\/\/www.caririemacao.com\/1\/wp-json\/wp\/v2\/types\/post"}],"author":[{"embeddable":true,"href":"https:\/\/www.caririemacao.com\/1\/wp-json\/wp\/v2\/users\/2"}],"replies":[{"embeddable":true,"href":"https:\/\/www.caririemacao.com\/1\/wp-json\/wp\/v2\/comments?post=74157"}],"version-history":[{"count":5,"href":"https:\/\/www.caririemacao.com\/1\/wp-json\/wp\/v2\/posts\/74157\/revisions"}],"predecessor-version":[{"id":74174,"href":"https:\/\/www.caririemacao.com\/1\/wp-json\/wp\/v2\/posts\/74157\/revisions\/74174"}],"wp:featuredmedia":[{"embeddable":true,"href":"https:\/\/www.caririemacao.com\/1\/wp-json\/wp\/v2\/media\/74170"}],"wp:attachment":[{"href":"https:\/\/www.caririemacao.com\/1\/wp-json\/wp\/v2\/media?parent=74157"}],"wp:term":[{"taxonomy":"category","embeddable":true,"href":"https:\/\/www.caririemacao.com\/1\/wp-json\/wp\/v2\/categories?post=74157"},{"taxonomy":"post_tag","embeddable":true,"href":"https:\/\/www.caririemacao.com\/1\/wp-json\/wp\/v2\/tags?post=74157"}],"curies":[{"name":"wp","href":"https:\/\/api.w.org\/{rel}","templated":true}]}}