{"id":74175,"date":"2018-11-24T08:28:16","date_gmt":"2018-11-24T11:28:16","guid":{"rendered":"http:\/\/www.caririemacao.com\/1\/?p=74175"},"modified":"2018-11-25T17:38:49","modified_gmt":"2018-11-25T20:38:49","slug":"coxixolenses-fazem-movimento-para-impedir-fechamento-de-escola-no-municipio-2","status":"publish","type":"post","link":"https:\/\/www.caririemacao.com\/1\/2018\/11\/24\/coxixolenses-fazem-movimento-para-impedir-fechamento-de-escola-no-municipio-2\/","title":{"rendered":"Coxixolenses fazem movimento para impedir fechamento de escola no munic\u00edpio"},"content":{"rendered":"<p>Na manh\u00e3 desta sexta-feira (23), alunos e professores da Escola Estadual Manoel Honorato Sobrinho, situada na cidade de Coxixola, estiveram participando da sess\u00e3o ordin\u00e1ria da C\u00e2mara Municipal da cidade com o objetivo de evitar um poss\u00edvel fechamento da institui\u00e7\u00e3o.<\/p>\n<p><img fetchpriority=\"high\" decoding=\"async\" class=\"aligncenter wp-image-74137 size-full\" src=\"http:\/\/www.caririemacao.com\/1\/wp-content\/uploads\/2018\/11\/IMG_9307-20181123.jpg\" alt=\"\" width=\"1600\" height=\"1067\" srcset=\"https:\/\/www.caririemacao.com\/1\/wp-content\/uploads\/2018\/11\/IMG_9307-20181123.jpg 1600w, https:\/\/www.caririemacao.com\/1\/wp-content\/uploads\/2018\/11\/IMG_9307-20181123-300x200.jpg 300w, https:\/\/www.caririemacao.com\/1\/wp-content\/uploads\/2018\/11\/IMG_9307-20181123-768x512.jpg 768w, https:\/\/www.caririemacao.com\/1\/wp-content\/uploads\/2018\/11\/IMG_9307-20181123-1024x683.jpg 1024w\" sizes=\"(max-width: 1600px) 100vw, 1600px\" \/><\/p>\n<p>A comunidade escolar esteve na C\u00e2mara de Vereadores para protocolar um abaixo assinado com a finalidade de evitar a abertura de turmas de 6\u00ba, na Rede Municipal de Ensino. Segundo a organiza\u00e7\u00e3o do movimento, se a medida for colocada em pr\u00e1tica pela gest\u00e3o Municipal, a escola poder\u00e1 ser fechada, devido ao n\u00famero minimo de alunos.<\/p>\n<p>Durante a sess\u00e3o, alunos e professores justificaram a solicita\u00e7\u00e3o endere\u00e7ada ao prefeito municipal, Givaldo Limeira, para que o mesmo n\u00e3o permita que a escola seja fechada<\/p>\n<p><img decoding=\"async\" class=\"aligncenter wp-image-74138 size-full lazyload\" data-src=\"http:\/\/www.caririemacao.com\/1\/wp-content\/uploads\/2018\/11\/IMG_9337-20181123.jpg\" alt=\"\" width=\"1600\" height=\"1067\" data-srcset=\"https:\/\/www.caririemacao.com\/1\/wp-content\/uploads\/2018\/11\/IMG_9337-20181123.jpg 1600w, https:\/\/www.caririemacao.com\/1\/wp-content\/uploads\/2018\/11\/IMG_9337-20181123-300x200.jpg 300w, https:\/\/www.caririemacao.com\/1\/wp-content\/uploads\/2018\/11\/IMG_9337-20181123-768x512.jpg 768w, https:\/\/www.caririemacao.com\/1\/wp-content\/uploads\/2018\/11\/IMG_9337-20181123-1024x683.jpg 1024w\" data-sizes=\"(max-width: 1600px) 100vw, 1600px\" src=\"data:image\/svg+xml;base64,PHN2ZyB3aWR0aD0iMSIgaGVpZ2h0PSIxIiB4bWxucz0iaHR0cDovL3d3dy53My5vcmcvMjAwMC9zdmciPjwvc3ZnPg==\" style=\"--smush-placeholder-width: 1600px; --smush-placeholder-aspect-ratio: 1600\/1067;\" \/><\/p>\n<p>A aluna do 6\u00ba ano da escola, Ana Carolina Brito, falou que em caso de um poss\u00edvel fechamento resultar\u00e1 n\u00e3o s\u00f3 em um problema educacional, mas em um impacto negativo na economia do munic\u00edpio, uma vez que a escola realiza a compra da merenda na cidade, al\u00e9m de prejudicar a din\u00e2mica social de cada aluno.<\/p>\n<p>Ela tamb\u00e9m destacou a mobiliza\u00e7\u00e3o da sociedade coxixolense, em especial, da Escola Manoel Honorato Sobrinho que protocolou um abaixo assinado, contendo mais de 500 assinaturas. \u201cO documento foi protocolado na C\u00e2mara de Vereadores e tamb\u00e9m encaminhado para a Secretaria de Educa\u00e7\u00e3o do Estado\u201d, explicou a aluna.<\/p>\n<p><img decoding=\"async\" class=\"aligncenter wp-image-74140 size-full lazyload\" data-src=\"http:\/\/www.caririemacao.com\/1\/wp-content\/uploads\/2018\/11\/IMG_9327-20181123.jpg\" alt=\"\" width=\"1600\" height=\"1067\" data-srcset=\"https:\/\/www.caririemacao.com\/1\/wp-content\/uploads\/2018\/11\/IMG_9327-20181123.jpg 1600w, https:\/\/www.caririemacao.com\/1\/wp-content\/uploads\/2018\/11\/IMG_9327-20181123-300x200.jpg 300w, https:\/\/www.caririemacao.com\/1\/wp-content\/uploads\/2018\/11\/IMG_9327-20181123-768x512.jpg 768w, https:\/\/www.caririemacao.com\/1\/wp-content\/uploads\/2018\/11\/IMG_9327-20181123-1024x683.jpg 1024w\" data-sizes=\"(max-width: 1600px) 100vw, 1600px\" src=\"data:image\/svg+xml;base64,PHN2ZyB3aWR0aD0iMSIgaGVpZ2h0PSIxIiB4bWxucz0iaHR0cDovL3d3dy53My5vcmcvMjAwMC9zdmciPjwvc3ZnPg==\" style=\"--smush-placeholder-width: 1600px; --smush-placeholder-aspect-ratio: 1600\/1067;\" \/><\/p>\n<p>O vice-prefeito do munic\u00edpio e tamb\u00e9m professor, Nanan, que \u00e9 um dos lideres do movimento em defesa da escola, concedeu uma entrevista com exclusividade a reportagem do Cariri em A\u00e7\u00e3o e explicou o porqu\u00ea a medida coloca em risco a vida da escola.<\/p>\n<p>Em sua fala, Nanan destacou que ir\u00e1 buscar audi\u00eancia p\u00fablica na tentativa de mostrar a import\u00e2ncia da escola para o munic\u00edpio.<\/p>\n<h1 style=\"text-align: center;\">Ou\u00e7a o \u00e1udio<\/h1>\n<audio class=\"wp-audio-shortcode\" id=\"audio-74175-1\" preload=\"none\" style=\"width: 100%;\" controls=\"controls\"><source type=\"audio\/mpeg\" src=\"http:\/\/www.caririemacao.com\/1\/wp-content\/uploads\/2018\/11\/Professor-de-educa\u00e7\u00e3o-F\u00edsica-Nana-23-11-2018.mp3?_=1\" \/><a href=\"http:\/\/www.caririemacao.com\/1\/wp-content\/uploads\/2018\/11\/Professor-de-educa\u00e7\u00e3o-F\u00edsica-Nana-23-11-2018.mp3\">http:\/\/www.caririemacao.com\/1\/wp-content\/uploads\/2018\/11\/Professor-de-educa\u00e7\u00e3o-F\u00edsica-Nana-23-11-2018.mp3<\/a><\/audio>\n<p style=\"text-align: left;\">Veja fotos<\/p>\n<p><div class=\"ose- ose-uid-68b1df87c1b896e9a75f4cb50accb4be ose-embedpress-responsive\" style=\"width:600px; height:550px; max-height:550px; max-width:100%; display:inline-block;\" data-embed-type=\"Facebook\"><iframe allowFullScreen=\"true\" class=\"embera-facebook-iframe-480c4 lazyload\" data-src=\"https:\/\/www.facebook.com\/plugins\/post.php?href=https%3A%2F%2Fwww.facebook.com%2Fmedia%2Fset%2F%3Fset%3Da.1413358342133518%26%23038%3Btype%3D1%26%23038%3Bl%3Dd43d5ea05a&width=600&height=550&show_text=true\" width=\"600\" height=\"550\" style=\"border:none;overflow:hidden\" scrolling=\"no\" frameborder=\"0\" allowTransparency=\"true\" src=\"data:image\/svg+xml;base64,PHN2ZyB3aWR0aD0iMSIgaGVpZ2h0PSIxIiB4bWxucz0iaHR0cDovL3d3dy53My5vcmcvMjAwMC9zdmciPjwvc3ZnPg==\" data-load-mode=\"1\"><\/iframe><\/div><\/p>\n<p style=\"text-align: right;\"><em><strong>Reda\u00e7\u00e3o<\/strong><\/em><\/p>\n","protected":false},"excerpt":{"rendered":"<p>Na manh\u00e3 desta sexta-feira (23), alunos e professores da Escola Estadual Manoel Honorato Sobrinho, situada na cidade de Coxixola, estiveram participando da sess\u00e3o ordin\u00e1ria da&hellip; <\/p>\n","protected":false},"author":1,"featured_media":74136,"comment_status":"closed","ping_status":"closed","sticky":false,"template":"","format":"standard","meta":{"sfsi_plus_gutenberg_text_before_share":"","sfsi_plus_gutenberg_show_text_before_share":"","sfsi_plus_gutenberg_icon_type":"","sfsi_plus_gutenberg_icon_alignemt":"","sfsi_plus_gutenburg_max_per_row":"","footnotes":""},"categories":[6],"tags":[],"class_list":["post-74175","post","type-post","status-publish","format-standard","has-post-thumbnail","hentry","category-cidades"],"_links":{"self":[{"href":"https:\/\/www.caririemacao.com\/1\/wp-json\/wp\/v2\/posts\/74175","targetHints":{"allow":["GET"]}}],"collection":[{"href":"https:\/\/www.caririemacao.com\/1\/wp-json\/wp\/v2\/posts"}],"about":[{"href":"https:\/\/www.caririemacao.com\/1\/wp-json\/wp\/v2\/types\/post"}],"author":[{"embeddable":true,"href":"https:\/\/www.caririemacao.com\/1\/wp-json\/wp\/v2\/users\/1"}],"replies":[{"embeddable":true,"href":"https:\/\/www.caririemacao.com\/1\/wp-json\/wp\/v2\/comments?post=74175"}],"version-history":[{"count":2,"href":"https:\/\/www.caririemacao.com\/1\/wp-json\/wp\/v2\/posts\/74175\/revisions"}],"predecessor-version":[{"id":74371,"href":"https:\/\/www.caririemacao.com\/1\/wp-json\/wp\/v2\/posts\/74175\/revisions\/74371"}],"wp:featuredmedia":[{"embeddable":true,"href":"https:\/\/www.caririemacao.com\/1\/wp-json\/wp\/v2\/media\/74136"}],"wp:attachment":[{"href":"https:\/\/www.caririemacao.com\/1\/wp-json\/wp\/v2\/media?parent=74175"}],"wp:term":[{"taxonomy":"category","embeddable":true,"href":"https:\/\/www.caririemacao.com\/1\/wp-json\/wp\/v2\/categories?post=74175"},{"taxonomy":"post_tag","embeddable":true,"href":"https:\/\/www.caririemacao.com\/1\/wp-json\/wp\/v2\/tags?post=74175"}],"curies":[{"name":"wp","href":"https:\/\/api.w.org\/{rel}","templated":true}]}}