{"id":74183,"date":"2018-11-24T08:45:14","date_gmt":"2018-11-24T11:45:14","guid":{"rendered":"http:\/\/www.caririemacao.com\/1\/?p=74183"},"modified":"2018-11-24T08:45:14","modified_gmt":"2018-11-24T11:45:14","slug":"paraiba-conquista-67-medalhas-nas-paralimpiadas-escolares-em-sao-paulo","status":"publish","type":"post","link":"https:\/\/www.caririemacao.com\/1\/2018\/11\/24\/paraiba-conquista-67-medalhas-nas-paralimpiadas-escolares-em-sao-paulo\/","title":{"rendered":"Para\u00edba conquista 67 medalhas nas Paralimp\u00edadas Escolares, em S\u00e3o Paulo"},"content":{"rendered":"<p>A delega\u00e7\u00e3o da Para\u00edba encerrou as Paralimp\u00edadas Escolares conquistando no total 67 medalhas, sendo 37 de ouro, 18 de prata e 12 de bronze. Na coloca\u00e7\u00e3o geral divulgada pelo Comit\u00ea Paral\u00edmpico Brasileiro, organizador do evento que terminou nesta sexta-feira (23), os paraibanos ficaram em sexto lugar entre os 25 estados que disputaram a competi\u00e7\u00e3o e em segundo na regi\u00e3o Nordeste.<\/p>\n<div id=\"attachment_530186\" class=\"wp-caption aligncenter\"><img decoding=\"async\" class=\"wp-image-530186 size-full lazyload\" data-src=\"https:\/\/paraibaonline.com.br\/wp-content\/uploads\/2018\/11\/paralimpiadas-escolares2411.jpg\" data-srcset=\"https:\/\/paraibaonline.com.br\/wp-content\/uploads\/2018\/11\/paralimpiadas-escolares2411.jpg 1024w, https:\/\/paraibaonline.com.br\/wp-content\/uploads\/2018\/11\/paralimpiadas-escolares2411-556x417.jpg 556w, https:\/\/paraibaonline.com.br\/wp-content\/uploads\/2018\/11\/paralimpiadas-escolares2411-883x662.jpg 883w, https:\/\/paraibaonline.com.br\/wp-content\/uploads\/2018\/11\/paralimpiadas-escolares2411-800x600.jpg 800w\" alt=\"Foto: Secom\/PB\" src=\"data:image\/svg+xml;base64,PHN2ZyB3aWR0aD0iMSIgaGVpZ2h0PSIxIiB4bWxucz0iaHR0cDovL3d3dy53My5vcmcvMjAwMC9zdmciPjwvc3ZnPg==\" \/><\/p>\n<p class=\"wp-caption-text\">Foto: Secom\/PB<\/p>\n<\/div>\n<p>As Paralimp\u00edadas Escolares foram realizadas desde a ter\u00e7a-feira (20), em S\u00e3o Paulo, e os paraibanos, que tiveram o apoio do Governo do Estado, por meio da Secretaria de Estado da Juventude, Esporte e Lazer (Sejel), estiveram em 76 representantes na delega\u00e7\u00e3o, entre para-atletas, t\u00e9cnicos, staff e dirigentes. O evento \u00e9 voltado ao paradesporto na faixa et\u00e1ria de 12 a 18 anos.<\/p>\n<p>\u201cMais um ano que a Para\u00edba brilha neste grande evento nacional do paradesporto, onde de 25 estados nossa delega\u00e7\u00e3o concluiu na sexta posi\u00e7\u00e3o. Nossa delega\u00e7\u00e3o s\u00f3 teve condi\u00e7\u00e3o de vir competir por conta da contribui\u00e7\u00e3o do Governo do Estado, que arcou com todas as passagens a\u00e9reas e tudo isso foi recompensado com o excelente desempenho\u201d, disse o chefe da delega\u00e7\u00e3o da Para\u00edba, Jean Azevedo.<\/p>\n<p>\u201c\u00c9 o grande trabalho do paradesporto na Para\u00edba, onde desde 2011, o governo vem apoiando os eventos ligados ao segmento, como tamb\u00e9m vem realizando e executando projetos, o que aumentou o quantitativo de praticantes. E agora, mais uma vez, n\u00e3o poder\u00edamos deixar de externar a alegria em saber que obtiveram 67 medalhas, ficando na sexta coloca\u00e7\u00e3o geral\u201d, ressaltou Jos\u00e9 Marco, secret\u00e1rio executivo de Esporte e Lazer.<\/p>\n<p>&nbsp;<\/p>\n<p>Ascom\/PB<\/p>\n","protected":false},"excerpt":{"rendered":"<p>A delega\u00e7\u00e3o da Para\u00edba encerrou as Paralimp\u00edadas Escolares conquistando no total 67 medalhas, sendo 37 de ouro, 18 de prata e 12 de bronze. Na&hellip; <\/p>\n","protected":false},"author":1,"featured_media":74184,"comment_status":"closed","ping_status":"closed","sticky":false,"template":"","format":"standard","meta":{"sfsi_plus_gutenberg_text_before_share":"","sfsi_plus_gutenberg_show_text_before_share":"","sfsi_plus_gutenberg_icon_type":"","sfsi_plus_gutenberg_icon_alignemt":"","sfsi_plus_gutenburg_max_per_row":"","footnotes":""},"categories":[14],"tags":[],"class_list":["post-74183","post","type-post","status-publish","format-standard","has-post-thumbnail","hentry","category-educacao"],"_links":{"self":[{"href":"https:\/\/www.caririemacao.com\/1\/wp-json\/wp\/v2\/posts\/74183","targetHints":{"allow":["GET"]}}],"collection":[{"href":"https:\/\/www.caririemacao.com\/1\/wp-json\/wp\/v2\/posts"}],"about":[{"href":"https:\/\/www.caririemacao.com\/1\/wp-json\/wp\/v2\/types\/post"}],"author":[{"embeddable":true,"href":"https:\/\/www.caririemacao.com\/1\/wp-json\/wp\/v2\/users\/1"}],"replies":[{"embeddable":true,"href":"https:\/\/www.caririemacao.com\/1\/wp-json\/wp\/v2\/comments?post=74183"}],"version-history":[{"count":1,"href":"https:\/\/www.caririemacao.com\/1\/wp-json\/wp\/v2\/posts\/74183\/revisions"}],"predecessor-version":[{"id":74185,"href":"https:\/\/www.caririemacao.com\/1\/wp-json\/wp\/v2\/posts\/74183\/revisions\/74185"}],"wp:featuredmedia":[{"embeddable":true,"href":"https:\/\/www.caririemacao.com\/1\/wp-json\/wp\/v2\/media\/74184"}],"wp:attachment":[{"href":"https:\/\/www.caririemacao.com\/1\/wp-json\/wp\/v2\/media?parent=74183"}],"wp:term":[{"taxonomy":"category","embeddable":true,"href":"https:\/\/www.caririemacao.com\/1\/wp-json\/wp\/v2\/categories?post=74183"},{"taxonomy":"post_tag","embeddable":true,"href":"https:\/\/www.caririemacao.com\/1\/wp-json\/wp\/v2\/tags?post=74183"}],"curies":[{"name":"wp","href":"https:\/\/api.w.org\/{rel}","templated":true}]}}