{"id":74188,"date":"2018-11-24T08:55:39","date_gmt":"2018-11-24T11:55:39","guid":{"rendered":"http:\/\/www.caririemacao.com\/1\/?p=74188"},"modified":"2018-11-24T08:55:39","modified_gmt":"2018-11-24T11:55:39","slug":"corpo-de-estudante-desaparecido-e-encontrado-em-matagal-no-colinas-do-sul","status":"publish","type":"post","link":"https:\/\/www.caririemacao.com\/1\/2018\/11\/24\/corpo-de-estudante-desaparecido-e-encontrado-em-matagal-no-colinas-do-sul\/","title":{"rendered":"Corpo de estudante desaparecido \u00e9 encontrado em matagal no Colinas do Sul"},"content":{"rendered":"<p>O corpo do estudante Samuel Alves Martins foi encontrado nesta sexta-feira (23), em um matagal no bairro Colinas do Sul, em Jo\u00e3o Pessoa. Samuel de 21 anos estava desaparecido h\u00e1 uma semana.<\/p>\n<p>A suspeita \u00e9 de que ele tenha sido assassinado com tiros, j\u00e1 que no corpo foram encontradas diversas perfura\u00e7\u00f5es.<\/p>\n<p>A v\u00edtima j\u00e1 havia sido v\u00edtima de uma tentativa de homic\u00eddio em julho deste ano, e segundo familiares usava uma bolsa de colostomia devido ao tiro.<\/p>\n<p>O Corpo do jovem foi reconhecido por um irm\u00e3o, atrav\u00e9s de uma tatuagem e um brinco.<\/p>\n<p>Familiares teriam recebido no \u00faltimo domingo v\u00eddeos que supostamente mostravam o jovem assassinado.<\/p>\n<p>At\u00e9 o momento ningu\u00e9m foi preso suspeito pelo crime.<\/p>\n<p>ClickPB<\/p>\n","protected":false},"excerpt":{"rendered":"<p>O corpo do estudante Samuel Alves Martins foi encontrado nesta sexta-feira (23), em um matagal no bairro Colinas do Sul, em Jo\u00e3o Pessoa. Samuel de&hellip; <\/p>\n","protected":false},"author":1,"featured_media":74189,"comment_status":"closed","ping_status":"closed","sticky":false,"template":"","format":"standard","meta":{"sfsi_plus_gutenberg_text_before_share":"","sfsi_plus_gutenberg_show_text_before_share":"","sfsi_plus_gutenberg_icon_type":"","sfsi_plus_gutenberg_icon_alignemt":"","sfsi_plus_gutenburg_max_per_row":"","footnotes":""},"categories":[12],"tags":[],"class_list":["post-74188","post","type-post","status-publish","format-standard","has-post-thumbnail","hentry","category-policia"],"_links":{"self":[{"href":"https:\/\/www.caririemacao.com\/1\/wp-json\/wp\/v2\/posts\/74188","targetHints":{"allow":["GET"]}}],"collection":[{"href":"https:\/\/www.caririemacao.com\/1\/wp-json\/wp\/v2\/posts"}],"about":[{"href":"https:\/\/www.caririemacao.com\/1\/wp-json\/wp\/v2\/types\/post"}],"author":[{"embeddable":true,"href":"https:\/\/www.caririemacao.com\/1\/wp-json\/wp\/v2\/users\/1"}],"replies":[{"embeddable":true,"href":"https:\/\/www.caririemacao.com\/1\/wp-json\/wp\/v2\/comments?post=74188"}],"version-history":[{"count":1,"href":"https:\/\/www.caririemacao.com\/1\/wp-json\/wp\/v2\/posts\/74188\/revisions"}],"predecessor-version":[{"id":74190,"href":"https:\/\/www.caririemacao.com\/1\/wp-json\/wp\/v2\/posts\/74188\/revisions\/74190"}],"wp:featuredmedia":[{"embeddable":true,"href":"https:\/\/www.caririemacao.com\/1\/wp-json\/wp\/v2\/media\/74189"}],"wp:attachment":[{"href":"https:\/\/www.caririemacao.com\/1\/wp-json\/wp\/v2\/media?parent=74188"}],"wp:term":[{"taxonomy":"category","embeddable":true,"href":"https:\/\/www.caririemacao.com\/1\/wp-json\/wp\/v2\/categories?post=74188"},{"taxonomy":"post_tag","embeddable":true,"href":"https:\/\/www.caririemacao.com\/1\/wp-json\/wp\/v2\/tags?post=74188"}],"curies":[{"name":"wp","href":"https:\/\/api.w.org\/{rel}","templated":true}]}}