{"id":74195,"date":"2018-11-24T09:04:36","date_gmt":"2018-11-24T12:04:36","guid":{"rendered":"http:\/\/www.caririemacao.com\/1\/?p=74195"},"modified":"2018-11-24T09:04:36","modified_gmt":"2018-11-24T12:04:36","slug":"moraes-libera-para-julgamento-processo-sobre-descriminalizacao-da-maconha-no-stf","status":"publish","type":"post","link":"https:\/\/www.caririemacao.com\/1\/2018\/11\/24\/moraes-libera-para-julgamento-processo-sobre-descriminalizacao-da-maconha-no-stf\/","title":{"rendered":"Moraes libera para julgamento processo sobre descriminaliza\u00e7\u00e3o da maconha no STF"},"content":{"rendered":"<p>O ministro Alexandre de Moraes, do Supremo Tribunal Federal (STF), liberou para julgamento nesta sexta-feira(23),\u00a0o processo sobre a libera\u00e7\u00e3o do porte de maconha para uso pessoal . O julgamento estava suspenso desde setembro de 2015, quando o ent\u00e3o ministro Teori Zavascki pediu vista do processo para analisar melhor. Teori morreu em janeiro de 2017 em um acidente a\u00e9reo. Moraes assumiu a vaga dele,\u00a0e, entre os processos herdados, estava o pedido de vista.<\/p>\n<p>Com o processo liberado, o julgamento poder\u00e1 ser retomado. Mas depende do presidente do tribunal, ministro Dias Toffoli, marcar a data. A pauta do plen\u00e1rio at\u00e9 o fim do ano j\u00e1 est\u00e1 definida. Portanto, o mais prov\u00e1vel \u00e9 que o tema seja julgado a partir de 2019.<\/p>\n<p>At\u00e9 agora, tr\u00eas dos onze ministros do STF votaram pela libera\u00e7\u00e3o do porte de maconha para uso pessoal.<\/p>\n<p>Gilmar Mendes defendeu a descriminaliza\u00e7\u00e3o do porte para uso de todo tipo de droga. Edson Fachin e Lu\u00eds Roberto Barroso tamb\u00e9m votaram pela descriminaliza\u00e7\u00e3o, mas s\u00f3 para o porte de maconha. Os tr\u00eas declararam inconstitucional o artigo 28 da Lei de Drogas, que considera criminoso quem adquire, guarda, transporta ou leva consigo drogas para consumo pessoal.<\/p>\n<p>Outros oito ministros ainda v\u00e3o votar. Quando votou, Barroso sugeriu que o tribunal fixe 25 gramas do produto como quantia lim\u00edtrofe para distinguir usu\u00e1rios de traficantes. Ele tamb\u00e9m afirmou que o usu\u00e1rio poderia cultivar, no m\u00e1ximo, seis plantas f\u00eameas de maconha. As quantidades foram inspiradas na legisla\u00e7\u00e3o de Portugal e do Uruguai.<\/p>\n<p>Barroso ressaltou que essas quantias s\u00e3o apenas par\u00e2metros. Na an\u00e1lise de casos espec\u00edficos, pode haver exce\u00e7\u00e3o, dependendo da situa\u00e7\u00e3o da pris\u00e3o ou do hist\u00f3rico da pessoa, por exemplo. A regra valeria at\u00e9 o Congresso Nacional aprovar norma sobre o assunto. Na avalia\u00e7\u00e3o de Barroso, a falta de regra objetiva para diferenciar usu\u00e1rios de traficantes tem efeito cruel, porque resulta na condena\u00e7\u00e3o massiva de pobres por tr\u00e1fico, enquanto moradores de \u00e1reas nobres flagrados com droga s\u00e3o tratados como usu\u00e1rios.<\/p>\n<p>&nbsp;<\/p>\n<p>Ag\u00eancia Brasil<\/p>\n","protected":false},"excerpt":{"rendered":"<p>O ministro Alexandre de Moraes, do Supremo Tribunal Federal (STF), liberou para julgamento nesta sexta-feira(23),\u00a0o processo sobre a libera\u00e7\u00e3o do porte de maconha para uso&hellip; <\/p>\n","protected":false},"author":1,"featured_media":26366,"comment_status":"closed","ping_status":"closed","sticky":false,"template":"","format":"standard","meta":{"sfsi_plus_gutenberg_text_before_share":"","sfsi_plus_gutenberg_show_text_before_share":"","sfsi_plus_gutenberg_icon_type":"","sfsi_plus_gutenberg_icon_alignemt":"","sfsi_plus_gutenburg_max_per_row":"","footnotes":""},"categories":[50,11],"tags":[],"class_list":["post-74195","post","type-post","status-publish","format-standard","has-post-thumbnail","hentry","category-destaque","category-politica"],"_links":{"self":[{"href":"https:\/\/www.caririemacao.com\/1\/wp-json\/wp\/v2\/posts\/74195","targetHints":{"allow":["GET"]}}],"collection":[{"href":"https:\/\/www.caririemacao.com\/1\/wp-json\/wp\/v2\/posts"}],"about":[{"href":"https:\/\/www.caririemacao.com\/1\/wp-json\/wp\/v2\/types\/post"}],"author":[{"embeddable":true,"href":"https:\/\/www.caririemacao.com\/1\/wp-json\/wp\/v2\/users\/1"}],"replies":[{"embeddable":true,"href":"https:\/\/www.caririemacao.com\/1\/wp-json\/wp\/v2\/comments?post=74195"}],"version-history":[{"count":1,"href":"https:\/\/www.caririemacao.com\/1\/wp-json\/wp\/v2\/posts\/74195\/revisions"}],"predecessor-version":[{"id":74196,"href":"https:\/\/www.caririemacao.com\/1\/wp-json\/wp\/v2\/posts\/74195\/revisions\/74196"}],"wp:featuredmedia":[{"embeddable":true,"href":"https:\/\/www.caririemacao.com\/1\/wp-json\/wp\/v2\/media\/26366"}],"wp:attachment":[{"href":"https:\/\/www.caririemacao.com\/1\/wp-json\/wp\/v2\/media?parent=74195"}],"wp:term":[{"taxonomy":"category","embeddable":true,"href":"https:\/\/www.caririemacao.com\/1\/wp-json\/wp\/v2\/categories?post=74195"},{"taxonomy":"post_tag","embeddable":true,"href":"https:\/\/www.caririemacao.com\/1\/wp-json\/wp\/v2\/tags?post=74195"}],"curies":[{"name":"wp","href":"https:\/\/api.w.org\/{rel}","templated":true}]}}