{"id":74206,"date":"2018-11-24T09:19:56","date_gmt":"2018-11-24T12:19:56","guid":{"rendered":"http:\/\/www.caririemacao.com\/1\/?p=74206"},"modified":"2018-11-24T09:19:56","modified_gmt":"2018-11-24T12:19:56","slug":"cirurgia-de-bolsonaro-fara-mourao-assumir-o-poder-logo-apos-a-posse","status":"publish","type":"post","link":"https:\/\/www.caririemacao.com\/1\/2018\/11\/24\/cirurgia-de-bolsonaro-fara-mourao-assumir-o-poder-logo-apos-a-posse\/","title":{"rendered":"Cirurgia de Bolsonaro far\u00e1 Mour\u00e3o assumir o poder logo ap\u00f3s a posse"},"content":{"rendered":"<p>O general Hamilton Mour\u00e3o assumir\u00e1 a presid\u00eancia j\u00e1 em janeiro, em raz\u00e3o do adiamento da cirurgia de Jair Bolsonaro, que estava prevista para 12 de dezembro e ser\u00e1 realizada logo depois da posse. Em entrevista publicada no dia de ontem, Mour\u00e3o explicitou v\u00e1rias diverg\u00eancias em rela\u00e7\u00e3o a Bolsonaro, especialmente no tocante \u00e0 pol\u00edtica externa. Mour\u00e3o contestou a mudan\u00e7a da embaixada brasileira em Israel para Jerusal\u00e9m, o afastamento da China e qualquer possibilidade de inger\u00eancia na Venezuela.<\/p>\n<p>A equipe m\u00e9dica que cuida do presidente eleito Jair Bolsonaro decidiu adiar a cirurgia de revers\u00e3o da colostomia, ap\u00f3s exames realizados nesta sexta-feira, e o futuro presidente ser\u00e1 reavaliado em janeiro, depois da posse na Presid\u00eancia, para determinar o melhor momento da cirurgia, afirmou boletim m\u00e9dico do hospital Albert Einstein.<\/p>\n<p>Inicialmente a opera\u00e7\u00e3o de revers\u00e3o da colostomia estava prevista para o dia 12 de dezembro, mas a confirma\u00e7\u00e3o da data dependia dos exames realizados nesta sexta.<\/p>\n<p>De acordo com o boletim, os exames laboratoriais, de imagem e consultas m\u00e9dicas realizadas por Bolsonaro nesta sexta no hospital, localizado na zona sul de S\u00e3o Paulo, mostraram \u201c\u00f3tima evolu\u00e7\u00e3o\u201d.<\/p>\n<p>\u201cPor\u00e9m os exames de imagem ainda mostram inflama\u00e7\u00e3o do perit\u00f4nio e processo de ader\u00eancia entre as al\u00e7as intestinais. A equipe decidiu em reuni\u00e3o multiprofissional postergar a realiza\u00e7\u00e3o da reconstru\u00e7\u00e3o do tr\u00e2nsito intestinal\u201d, afirma o boletim.<\/p>\n<p>O perit\u00f4nio \u00e9 uma membrana que fica entre a parede do abd\u00f4men e os \u00f3rg\u00e3o digestivos.<\/p>\n<p>Bolsonaro sofreu um ataque a faca durante evento da campanha eleitoral em Juiz de Fora (MG) em setembro e passou pela colostomia, carregando junto ao corpo desde ent\u00e3o uma bolsa que liga trechos de seu intestino. A cirurgia de revers\u00e3o visa retirar essa bolsa e reconectar o intestino do presidente eleito.<\/p>\n","protected":false},"excerpt":{"rendered":"<p>O general Hamilton Mour\u00e3o assumir\u00e1 a presid\u00eancia j\u00e1 em janeiro, em raz\u00e3o do adiamento da cirurgia de Jair Bolsonaro, que estava prevista para 12 de&hellip; <\/p>\n","protected":false},"author":1,"featured_media":70945,"comment_status":"closed","ping_status":"closed","sticky":false,"template":"","format":"standard","meta":{"sfsi_plus_gutenberg_text_before_share":"","sfsi_plus_gutenberg_show_text_before_share":"","sfsi_plus_gutenberg_icon_type":"","sfsi_plus_gutenberg_icon_alignemt":"","sfsi_plus_gutenburg_max_per_row":"","footnotes":""},"categories":[11],"tags":[],"class_list":["post-74206","post","type-post","status-publish","format-standard","has-post-thumbnail","hentry","category-politica"],"_links":{"self":[{"href":"https:\/\/www.caririemacao.com\/1\/wp-json\/wp\/v2\/posts\/74206","targetHints":{"allow":["GET"]}}],"collection":[{"href":"https:\/\/www.caririemacao.com\/1\/wp-json\/wp\/v2\/posts"}],"about":[{"href":"https:\/\/www.caririemacao.com\/1\/wp-json\/wp\/v2\/types\/post"}],"author":[{"embeddable":true,"href":"https:\/\/www.caririemacao.com\/1\/wp-json\/wp\/v2\/users\/1"}],"replies":[{"embeddable":true,"href":"https:\/\/www.caririemacao.com\/1\/wp-json\/wp\/v2\/comments?post=74206"}],"version-history":[{"count":1,"href":"https:\/\/www.caririemacao.com\/1\/wp-json\/wp\/v2\/posts\/74206\/revisions"}],"predecessor-version":[{"id":74207,"href":"https:\/\/www.caririemacao.com\/1\/wp-json\/wp\/v2\/posts\/74206\/revisions\/74207"}],"wp:featuredmedia":[{"embeddable":true,"href":"https:\/\/www.caririemacao.com\/1\/wp-json\/wp\/v2\/media\/70945"}],"wp:attachment":[{"href":"https:\/\/www.caririemacao.com\/1\/wp-json\/wp\/v2\/media?parent=74206"}],"wp:term":[{"taxonomy":"category","embeddable":true,"href":"https:\/\/www.caririemacao.com\/1\/wp-json\/wp\/v2\/categories?post=74206"},{"taxonomy":"post_tag","embeddable":true,"href":"https:\/\/www.caririemacao.com\/1\/wp-json\/wp\/v2\/tags?post=74206"}],"curies":[{"name":"wp","href":"https:\/\/api.w.org\/{rel}","templated":true}]}}