{"id":74210,"date":"2018-11-24T09:30:37","date_gmt":"2018-11-24T12:30:37","guid":{"rendered":"http:\/\/www.caririemacao.com\/1\/?p=74210"},"modified":"2018-11-24T09:30:37","modified_gmt":"2018-11-24T12:30:37","slug":"bolsonaro-vai-a-festa-da-brigada-paraquedista-no-rio","status":"publish","type":"post","link":"https:\/\/www.caririemacao.com\/1\/2018\/11\/24\/bolsonaro-vai-a-festa-da-brigada-paraquedista-no-rio\/","title":{"rendered":"Bolsonaro vai \u00e0 festa da Brigada Paraquedista no Rio"},"content":{"rendered":"<p>A Brigada de Infantaria Paraquedista comemora\u00a0hoje\u00a0(24) o 73\u00ba anivers\u00e1rio de cria\u00e7\u00e3o. O evento come\u00e7a \u00e0s 9h\u00a0e contar\u00e1 com a presen\u00e7a de diversas autoridades civis e militares, incluindo o presidente eleito, Jair\u00a0 Bolsonaro, que \u00e9 paraquedista de forma\u00e7\u00e3o e todos os anos comparece \u00e0 festa de confraterniza\u00e7\u00e3o. Na brigada, a inscri\u00e7\u00e3o \u00e9 volunt\u00e1ria e s\u00f3 quem tem aptid\u00e3o para o salto consegue se formar na tropa de elite do Ex\u00e9rcito.<\/p>\n<p>O evento ser\u00e1 dividido em duas partes: na primeira, uma formatura no campo do Quartel General, reunir\u00e1 paraquedistas de todos os tempos, amigos da\u00a0brigada. Na sequ\u00eancia, fechada \u00e0 imprensa, ser\u00e1 realizada uma cerim\u00f4nia de entrada na \u00c1rea de Est\u00e1gios do Centro de Instru\u00e7\u00e3o Paraquedista General Penha Brasil. Nesse momento, os\u00a0formandos\u00a0das turmas de paraquedistas, dos anos de 1993 e 1968, receber\u00e3o uma homenagem com entrega de medalhas e diplomas de 25 e 50 anos de forma\u00e7\u00e3o\u00a0aeroterrestre.<\/p>\n<p>Conhecida como \u201cNinho das \u00c1guias\u201d e \u201cSentinela da P\u00e1tria\u201d, a Brigada de Infantaria Paraquedista \u00e9 uma tropa de elite, de emprego estrat\u00e9gico, podendo ser desdobrada em qualquer parte do territ\u00f3rio nacional em at\u00e9 24 horas, apoiada pelos meios da For\u00e7a A\u00e9rea Brasileira. Tem como s\u00edmbolos, a boina bord\u00f4, as asas de prata\u00a0e as botinas na cor marrom, que se diferenciam dos outros militares do Ex\u00e9rcito, que s\u00e3o conhecidos como p\u00e9s pretos.<\/p>\n<p>O\u00a0presidente eleito, Jair Messias Bolsonaro, formou-se no curso de paraquedista militar no ano de 1977. Ele serviu no 8\u00ba Grupamento de Artilharia de Campanha P\u00e1ra-quedista no per\u00edodo de 1983 a 1986.<\/p>\n<h2>Hist\u00f3ria<\/h2>\n<p>O capit\u00e3o do Ex\u00e9rcito Roberto de Pess\u00f4a\u00a0concluiu em 1944 o curso de elite de paraquedista do Ex\u00e9rcito dos Estados Unidos em Fort Benning, nos Estados Unidos, diplomando-se como o primeiro paraquedista militar do Brasil. Gra\u00e7as aos seus esfor\u00e7os e de outros 47 militares considerados pioneiros, o Ex\u00e9rcito Brasileiro criou a Escola de Paraquedistas, na cidade do Rio\u00a0de Janeiro, pedra angular sobre a qual edificou-se o paraquedismo militar no Brasil. O primeiro curso de paraquedista militar do Brasil, foi realizado em 1949.<\/p>\n<p>Durante toda a sua hist\u00f3ria, a Brigada de Infantaria P\u00e1ra-Quedista participou de v\u00e1rias opera\u00e7\u00f5es reais para defender os interesses do Brasil.<\/p>\n<p>Entre as d\u00e9cadas de 50 e 60, o Ex\u00e9rcito Brasileiro enviou um batalh\u00e3o de infantaria para o Egito, era o Batalh\u00e3o Suez, na Primeira For\u00e7a de Emerg\u00eancia das Na\u00e7\u00f5es Unidas. Durante os 10 anos de opera\u00e7\u00e3o, os integrantes brasileiros se revezaram e ajudaram a separar as For\u00e7as de Defesa de Israel das For\u00e7as Armadas Eg\u00edpcias.<\/p>\n<p>Na hist\u00f3ria recente, a brigada teve atua\u00e7\u00e3o\u00a0nas opera\u00e7\u00f5es de pacifica\u00e7\u00e3o do Rio\u00a0de Janeiro, em 2010. O Minist\u00e9rio da Defesa liberou o emprego de 800\u00a0militares da Brigada Paraquedista para auxiliar os policiais do Rio nas opera\u00e7\u00f5es de repress\u00e3o ao tr\u00e1fico de drogas.<\/p>\n<p>&nbsp;<\/p>\n<p>Ag\u00eancia Brasil<\/p>\n","protected":false},"excerpt":{"rendered":"<p>A Brigada de Infantaria Paraquedista comemora\u00a0hoje\u00a0(24) o 73\u00ba anivers\u00e1rio de cria\u00e7\u00e3o. O evento come\u00e7a \u00e0s 9h\u00a0e contar\u00e1 com a presen\u00e7a de diversas autoridades civis e&hellip; <\/p>\n","protected":false},"author":1,"featured_media":70104,"comment_status":"closed","ping_status":"closed","sticky":false,"template":"","format":"standard","meta":{"sfsi_plus_gutenberg_text_before_share":"","sfsi_plus_gutenberg_show_text_before_share":"","sfsi_plus_gutenberg_icon_type":"","sfsi_plus_gutenberg_icon_alignemt":"","sfsi_plus_gutenburg_max_per_row":"","footnotes":""},"categories":[11],"tags":[],"class_list":["post-74210","post","type-post","status-publish","format-standard","has-post-thumbnail","hentry","category-politica"],"_links":{"self":[{"href":"https:\/\/www.caririemacao.com\/1\/wp-json\/wp\/v2\/posts\/74210","targetHints":{"allow":["GET"]}}],"collection":[{"href":"https:\/\/www.caririemacao.com\/1\/wp-json\/wp\/v2\/posts"}],"about":[{"href":"https:\/\/www.caririemacao.com\/1\/wp-json\/wp\/v2\/types\/post"}],"author":[{"embeddable":true,"href":"https:\/\/www.caririemacao.com\/1\/wp-json\/wp\/v2\/users\/1"}],"replies":[{"embeddable":true,"href":"https:\/\/www.caririemacao.com\/1\/wp-json\/wp\/v2\/comments?post=74210"}],"version-history":[{"count":1,"href":"https:\/\/www.caririemacao.com\/1\/wp-json\/wp\/v2\/posts\/74210\/revisions"}],"predecessor-version":[{"id":74211,"href":"https:\/\/www.caririemacao.com\/1\/wp-json\/wp\/v2\/posts\/74210\/revisions\/74211"}],"wp:featuredmedia":[{"embeddable":true,"href":"https:\/\/www.caririemacao.com\/1\/wp-json\/wp\/v2\/media\/70104"}],"wp:attachment":[{"href":"https:\/\/www.caririemacao.com\/1\/wp-json\/wp\/v2\/media?parent=74210"}],"wp:term":[{"taxonomy":"category","embeddable":true,"href":"https:\/\/www.caririemacao.com\/1\/wp-json\/wp\/v2\/categories?post=74210"},{"taxonomy":"post_tag","embeddable":true,"href":"https:\/\/www.caririemacao.com\/1\/wp-json\/wp\/v2\/tags?post=74210"}],"curies":[{"name":"wp","href":"https:\/\/api.w.org\/{rel}","templated":true}]}}