{"id":74212,"date":"2018-11-24T09:33:00","date_gmt":"2018-11-24T12:33:00","guid":{"rendered":"http:\/\/www.caririemacao.com\/1\/?p=74212"},"modified":"2018-11-24T09:33:00","modified_gmt":"2018-11-24T12:33:00","slug":"entidades-de-87-paises-assinam-mocao-contra-censura-a-professores","status":"publish","type":"post","link":"https:\/\/www.caririemacao.com\/1\/2018\/11\/24\/entidades-de-87-paises-assinam-mocao-contra-censura-a-professores\/","title":{"rendered":"Entidades de 87 pa\u00edses assinam mo\u00e7\u00e3o contra censura a professores"},"content":{"rendered":"<p>Representantes de entidades educacionais de 87 pa\u00edses assinaram uma mo\u00e7\u00e3o contra a censura a professores durante a 6\u00aa Assembleia Mundial da Campanha Global pela Educa\u00e7\u00e3o, \u00a0que ocorreu entre os dias 16 e 18 em Katmandu (Nepal). A assinatura do documento foi proposto pela Campanha Latinoamericana pelo Direito \u00e0 Educa\u00e7\u00e3o (Clade), com apoio, entre outras, de entidades da Noruega, da Alemanha e de Angola.<\/p>\n<p>A mo\u00e7\u00e3o cita o movimento Escola sem Partido como um dos que incentiva a censura aos docentes. Cita tamb\u00e9m, na Alemanha, a orienta\u00e7\u00e3o do partido de extrema direita Alternativa para a Alemanha. \u201cEstudantes s\u00e3o incentivados a filmar suas aulas e viralizam publica\u00e7\u00f5es nas redes sociais, acusando injustamente professoras e professores de proselitismo ideol\u00f3gico, cientificismo e est\u00edmulo \u00e0 sexualiza\u00e7\u00e3o de crian\u00e7as e jovens\u201d, dizem os signat\u00e1rios.<\/p>\n<p>As entidades pedem que os Estados \u201cresistam a estas tend\u00eancias regressivas e refutem estas pr\u00e1ticas persecut\u00f3rias e violadoras de direitos humanos, que t\u00eam o controle como princ\u00edpio e finalidade\u201d. Elas defendem ainda que a educa\u00e7\u00e3o deve ser p\u00fablica, gratuita, laica, inclusiva e de qualidade para todos, capaz de promover a cidadania e colaborar para a realiza\u00e7\u00e3o plena de todas as pessoas.<\/p>\n<p>Em discuss\u00e3o no Congresso Nacional, o projeto Escola sem Partido, tem apoio de correligion\u00e1rios do governo eleito. A proposta estabelece em ambientes educacionais o \u201crespeito \u00e0s cren\u00e7as religiosas e \u00e0s convic\u00e7\u00f5es morais, filos\u00f3ficas e pol\u00edticas\u201d de pais e alunos, ao colocar como preced\u00eancia os valores de ordem familiar sobre a educa\u00e7\u00e3o escolar nos aspectos relacionados \u00e0 educa\u00e7\u00e3o moral, sexual e religiosa.<\/p>\n<p>&nbsp;<\/p>\n<p>Ag\u00eancia Brasil<\/p>\n","protected":false},"excerpt":{"rendered":"<p>Representantes de entidades educacionais de 87 pa\u00edses assinaram uma mo\u00e7\u00e3o contra a censura a professores durante a 6\u00aa Assembleia Mundial da Campanha Global pela Educa\u00e7\u00e3o,&hellip; <\/p>\n","protected":false},"author":1,"featured_media":37473,"comment_status":"closed","ping_status":"closed","sticky":false,"template":"","format":"standard","meta":{"sfsi_plus_gutenberg_text_before_share":"","sfsi_plus_gutenberg_show_text_before_share":"","sfsi_plus_gutenberg_icon_type":"","sfsi_plus_gutenberg_icon_alignemt":"","sfsi_plus_gutenburg_max_per_row":"","footnotes":""},"categories":[14],"tags":[],"class_list":["post-74212","post","type-post","status-publish","format-standard","has-post-thumbnail","hentry","category-educacao"],"_links":{"self":[{"href":"https:\/\/www.caririemacao.com\/1\/wp-json\/wp\/v2\/posts\/74212","targetHints":{"allow":["GET"]}}],"collection":[{"href":"https:\/\/www.caririemacao.com\/1\/wp-json\/wp\/v2\/posts"}],"about":[{"href":"https:\/\/www.caririemacao.com\/1\/wp-json\/wp\/v2\/types\/post"}],"author":[{"embeddable":true,"href":"https:\/\/www.caririemacao.com\/1\/wp-json\/wp\/v2\/users\/1"}],"replies":[{"embeddable":true,"href":"https:\/\/www.caririemacao.com\/1\/wp-json\/wp\/v2\/comments?post=74212"}],"version-history":[{"count":1,"href":"https:\/\/www.caririemacao.com\/1\/wp-json\/wp\/v2\/posts\/74212\/revisions"}],"predecessor-version":[{"id":74213,"href":"https:\/\/www.caririemacao.com\/1\/wp-json\/wp\/v2\/posts\/74212\/revisions\/74213"}],"wp:featuredmedia":[{"embeddable":true,"href":"https:\/\/www.caririemacao.com\/1\/wp-json\/wp\/v2\/media\/37473"}],"wp:attachment":[{"href":"https:\/\/www.caririemacao.com\/1\/wp-json\/wp\/v2\/media?parent=74212"}],"wp:term":[{"taxonomy":"category","embeddable":true,"href":"https:\/\/www.caririemacao.com\/1\/wp-json\/wp\/v2\/categories?post=74212"},{"taxonomy":"post_tag","embeddable":true,"href":"https:\/\/www.caririemacao.com\/1\/wp-json\/wp\/v2\/tags?post=74212"}],"curies":[{"name":"wp","href":"https:\/\/api.w.org\/{rel}","templated":true}]}}