{"id":74214,"date":"2018-11-24T09:37:48","date_gmt":"2018-11-24T12:37:48","guid":{"rendered":"http:\/\/www.caririemacao.com\/1\/?p=74214"},"modified":"2018-11-24T09:37:48","modified_gmt":"2018-11-24T12:37:48","slug":"vereadora-marta-e-eleita-presidente-da-camara-municipal-de-ouro-velho","status":"publish","type":"post","link":"https:\/\/www.caririemacao.com\/1\/2018\/11\/24\/vereadora-marta-e-eleita-presidente-da-camara-municipal-de-ouro-velho\/","title":{"rendered":"Vereadora Marta \u00e9 eleita presidente da C\u00e2mara Municipal de Ouro Velho"},"content":{"rendered":"<p><img fetchpriority=\"high\" decoding=\"async\" class=\"alignleft size-medium wp-image-28114\" src=\"http:\/\/www.vitrinedocariri.com.br\/wp-content\/uploads\/2018\/11\/001-39-300x218.jpg\" alt=\"\" width=\"300\" height=\"218\" \/>Por sete votos a zero, os vereadores do munic\u00edpio de Ouro Velho elegeram a nova presidente da C\u00e2mara Municipal para bi\u00eanio 2019\/2020, Martevania Bernardo, mais conhecida como Marta.<\/p>\n<p>O nome de Marta foi escolhido ap\u00f3s indica\u00e7\u00e3o do l\u00edder pol\u00edtico e m\u00e9dico, Dr. J\u00fanior, e da prefeita Nat\u00e1lia Lira, que reuniram os parlamentares do grupo de situa\u00e7\u00e3o para chegar ao consenso.<\/p>\n<p>A vereadora disse que pretende fazer uma gest\u00e3o transparente e atuante em prol da popula\u00e7\u00e3o ourovelhense.<\/p>\n<p>A elei\u00e7\u00e3o ocorreu nesta sexta-feira (23), com a aus\u00eancia de apenas dois vereadores.<\/p>\n","protected":false},"excerpt":{"rendered":"<p>Por sete votos a zero, os vereadores do munic\u00edpio de Ouro Velho elegeram a nova presidente da C\u00e2mara Municipal para bi\u00eanio 2019\/2020, Martevania Bernardo, mais&hellip; <\/p>\n","protected":false},"author":1,"featured_media":74215,"comment_status":"closed","ping_status":"closed","sticky":false,"template":"","format":"standard","meta":{"sfsi_plus_gutenberg_text_before_share":"","sfsi_plus_gutenberg_show_text_before_share":"","sfsi_plus_gutenberg_icon_type":"","sfsi_plus_gutenberg_icon_alignemt":"","sfsi_plus_gutenburg_max_per_row":"","footnotes":""},"categories":[6],"tags":[],"class_list":["post-74214","post","type-post","status-publish","format-standard","has-post-thumbnail","hentry","category-cidades"],"_links":{"self":[{"href":"https:\/\/www.caririemacao.com\/1\/wp-json\/wp\/v2\/posts\/74214","targetHints":{"allow":["GET"]}}],"collection":[{"href":"https:\/\/www.caririemacao.com\/1\/wp-json\/wp\/v2\/posts"}],"about":[{"href":"https:\/\/www.caririemacao.com\/1\/wp-json\/wp\/v2\/types\/post"}],"author":[{"embeddable":true,"href":"https:\/\/www.caririemacao.com\/1\/wp-json\/wp\/v2\/users\/1"}],"replies":[{"embeddable":true,"href":"https:\/\/www.caririemacao.com\/1\/wp-json\/wp\/v2\/comments?post=74214"}],"version-history":[{"count":1,"href":"https:\/\/www.caririemacao.com\/1\/wp-json\/wp\/v2\/posts\/74214\/revisions"}],"predecessor-version":[{"id":74216,"href":"https:\/\/www.caririemacao.com\/1\/wp-json\/wp\/v2\/posts\/74214\/revisions\/74216"}],"wp:featuredmedia":[{"embeddable":true,"href":"https:\/\/www.caririemacao.com\/1\/wp-json\/wp\/v2\/media\/74215"}],"wp:attachment":[{"href":"https:\/\/www.caririemacao.com\/1\/wp-json\/wp\/v2\/media?parent=74214"}],"wp:term":[{"taxonomy":"category","embeddable":true,"href":"https:\/\/www.caririemacao.com\/1\/wp-json\/wp\/v2\/categories?post=74214"},{"taxonomy":"post_tag","embeddable":true,"href":"https:\/\/www.caririemacao.com\/1\/wp-json\/wp\/v2\/tags?post=74214"}],"curies":[{"name":"wp","href":"https:\/\/api.w.org\/{rel}","templated":true}]}}