{"id":74228,"date":"2018-11-24T12:25:35","date_gmt":"2018-11-24T15:25:35","guid":{"rendered":"http:\/\/www.caririemacao.com\/1\/?p=74228"},"modified":"2018-11-24T12:25:35","modified_gmt":"2018-11-24T15:25:35","slug":"empresario-toma-posse-como-presidente-do-treze-e-apresenta-diretoria-executiva","status":"publish","type":"post","link":"https:\/\/www.caririemacao.com\/1\/2018\/11\/24\/empresario-toma-posse-como-presidente-do-treze-e-apresenta-diretoria-executiva\/","title":{"rendered":"Empres\u00e1rio toma posse como presidente do Treze e apresenta Diretoria Executiva"},"content":{"rendered":"<p><!------------------->\u00a0\u00a0\u00a0\u00a0\u00a0\u00a0\u00a0<!--banner-editoria-->\u00a0\u00a0\u00a0\u00a0\u00a0\u00a0\u00a0<!------------------->\u00a0\u00a0\u00a0\u00a0\u00a0\u00a0\u00a0\u00a0\u00a0\u00a0\u00a0\u00a0\u00a0<!------------------->\u00a0\u00a0\u00a0\u00a0\u00a0\u00a0\u00a0<!-------fim--------->\u00a0\u00a0\u00a0\u00a0\u00a0\u00a0\u00a0<!------------------->\u00a0\u00a0\u00a0\u00a0\u00a0\u00a0\u00a0\u00a0\u00a0\u00a0\u00a0\u00a0<!--conte\u00fado--><\/p>\n<div class=\"content\">\n<p>Na noite desta sexta-feira (23), em um restaurante de Campina Grande, o empres\u00e1rio Walter Cavalcanti J\u00fanior (foto), de 45 anos, tomou posse oficialmente como presidente do Treze Futebol Clube.<\/p>\n<div id=\"attachment_527733\" class=\"wp-caption alignnone\"><img decoding=\"async\" class=\"wp-image-527733 size-medium lazyload\" data-src=\"https:\/\/paraibaonline.com.br\/wp-content\/uploads\/2018\/11\/WalterJr-567x400.jpg\" data-srcset=\"https:\/\/paraibaonline.com.br\/wp-content\/uploads\/2018\/11\/WalterJr-567x400.jpg 567w, https:\/\/paraibaonline.com.br\/wp-content\/uploads\/2018\/11\/WalterJr.jpg 800w\" alt=\"\" src=\"data:image\/svg+xml;base64,PHN2ZyB3aWR0aD0iMSIgaGVpZ2h0PSIxIiB4bWxucz0iaHR0cDovL3d3dy53My5vcmcvMjAwMC9zdmciPjwvc3ZnPg==\" style=\"--smush-placeholder-width: 567px; --smush-placeholder-aspect-ratio: 567\/400;\" \/><\/p>\n<p class=\"wp-caption-text\">Foto: Ascom \/ Treze FC<\/p>\n<\/div>\n<p>Ele ter\u00e1 como vice-presidente justamente o ent\u00e3o mandat\u00e1rio do Galo, Juarez Louren\u00e7o.<\/p>\n<p>A nova Diretoria Executiva do Alvinegro assume a agremia\u00e7\u00e3o no bi\u00eanio 2019-2020.<\/p>\n<p>O\u00a0 evento de apresenta\u00e7\u00e3o do novo elenco do Treze e da comiss\u00e3o t\u00e9cnica est\u00e1 marcado para o pr\u00f3ximo s\u00e1bado, dia 1\u00ba de dezembro, e ser\u00e1 no audit\u00f3rio da AABB. No dia seguinte, no est\u00e1dio Presidente Vargas, uma apresenta\u00e7\u00e3o menos formal ser\u00e1 realizada no per\u00edodo da tarde.<\/p>\n<p>A pr\u00e9-temporada alvinegra come\u00e7a na segunda-feira, dia 3, sob o comando do t\u00e9cnico Maur\u00edlio Silva.<\/p>\n<p>At\u00e9 agora o Treze confirmou as renova\u00e7\u00f5es contratuais do goleiro Mauro Iguatu, do zagueiro Brumati, al\u00e9m dos volantes Carlos Coppetti e Elielton, todos remanescentes do vice-campeonato da S\u00e9rie D e campanha do acesso \u00e0 S\u00e9rie C. A \u00fanica contrata\u00e7\u00e3o anunciada at\u00e9 agora \u00e9 do zagueiro L\u00e9o Fioravanti.<\/p>\n<p><strong>Confira como ficou a composi\u00e7\u00e3o da nova Diretoria Executiva do Galo.<\/strong><\/p>\n<p><strong>Presidente<\/strong>: Walter Cavalcanti J\u00fanior<\/p>\n<p><strong>Vice-presidente<\/strong>: Juarez Louren\u00e7o<\/p>\n<p><strong>Diretoria de Futebol<\/strong>: Paulo S\u00e9rgio Gayoso Meira<\/p>\n<p><strong>Departamento Financeiro<\/strong>: St\u00e9lio Pires<\/p>\n<p><strong>Diretoria de Patrim\u00f4nio e Infraestrutura:<\/strong> Jo\u00e3o Paiva Filho, Warlen Andrade Andr\u00e9, Wendel Gabriel e Paulo Roberto Guimar\u00e3es<\/p>\n<p><strong>Diretoria de Marketing:<\/strong> Ricardo Crisanto<\/p>\n<p><strong>Diretoria Jur\u00eddica<\/strong>: Th\u00e9lio Farias<\/p>\n<p><strong>Departamento M\u00e9dico e Odontol\u00f3gico:<\/strong> L\u00facio Cezar e Wendel Gabriel<\/p>\n<p><strong>Departamento\u00a0 de Comunica\u00e7\u00e3o:<\/strong> Cassiano Cavalcanti<\/p>\n<\/div>\n<p>Para\u00edba Online<\/p>\n","protected":false},"excerpt":{"rendered":"<p>\u00a0\u00a0\u00a0\u00a0\u00a0\u00a0\u00a0\u00a0\u00a0\u00a0\u00a0\u00a0\u00a0\u00a0\u00a0\u00a0\u00a0\u00a0\u00a0\u00a0\u00a0\u00a0\u00a0\u00a0\u00a0\u00a0\u00a0\u00a0\u00a0\u00a0\u00a0\u00a0\u00a0\u00a0\u00a0\u00a0\u00a0\u00a0\u00a0\u00a0\u00a0\u00a0\u00a0\u00a0\u00a0\u00a0\u00a0\u00a0\u00a0\u00a0\u00a0\u00a0\u00a0 Na noite desta sexta-feira (23), em um restaurante de Campina Grande, o empres\u00e1rio Walter Cavalcanti J\u00fanior (foto), de 45 anos, tomou posse oficialmente como&hellip; <\/p>\n","protected":false},"author":1,"featured_media":74229,"comment_status":"closed","ping_status":"closed","sticky":false,"template":"","format":"standard","meta":{"sfsi_plus_gutenberg_text_before_share":"","sfsi_plus_gutenberg_show_text_before_share":"","sfsi_plus_gutenberg_icon_type":"","sfsi_plus_gutenberg_icon_alignemt":"","sfsi_plus_gutenburg_max_per_row":"","footnotes":""},"categories":[13],"tags":[],"class_list":["post-74228","post","type-post","status-publish","format-standard","has-post-thumbnail","hentry","category-esportes"],"_links":{"self":[{"href":"https:\/\/www.caririemacao.com\/1\/wp-json\/wp\/v2\/posts\/74228","targetHints":{"allow":["GET"]}}],"collection":[{"href":"https:\/\/www.caririemacao.com\/1\/wp-json\/wp\/v2\/posts"}],"about":[{"href":"https:\/\/www.caririemacao.com\/1\/wp-json\/wp\/v2\/types\/post"}],"author":[{"embeddable":true,"href":"https:\/\/www.caririemacao.com\/1\/wp-json\/wp\/v2\/users\/1"}],"replies":[{"embeddable":true,"href":"https:\/\/www.caririemacao.com\/1\/wp-json\/wp\/v2\/comments?post=74228"}],"version-history":[{"count":1,"href":"https:\/\/www.caririemacao.com\/1\/wp-json\/wp\/v2\/posts\/74228\/revisions"}],"predecessor-version":[{"id":74230,"href":"https:\/\/www.caririemacao.com\/1\/wp-json\/wp\/v2\/posts\/74228\/revisions\/74230"}],"wp:featuredmedia":[{"embeddable":true,"href":"https:\/\/www.caririemacao.com\/1\/wp-json\/wp\/v2\/media\/74229"}],"wp:attachment":[{"href":"https:\/\/www.caririemacao.com\/1\/wp-json\/wp\/v2\/media?parent=74228"}],"wp:term":[{"taxonomy":"category","embeddable":true,"href":"https:\/\/www.caririemacao.com\/1\/wp-json\/wp\/v2\/categories?post=74228"},{"taxonomy":"post_tag","embeddable":true,"href":"https:\/\/www.caririemacao.com\/1\/wp-json\/wp\/v2\/tags?post=74228"}],"curies":[{"name":"wp","href":"https:\/\/api.w.org\/{rel}","templated":true}]}}