{"id":74237,"date":"2018-11-24T12:36:23","date_gmt":"2018-11-24T15:36:23","guid":{"rendered":"http:\/\/www.caririemacao.com\/1\/?p=74237"},"modified":"2018-11-24T12:36:23","modified_gmt":"2018-11-24T15:36:23","slug":"violencia-cinco-pessoas-sao-baleadas-na-saida-de-uma-igreja","status":"publish","type":"post","link":"https:\/\/www.caririemacao.com\/1\/2018\/11\/24\/violencia-cinco-pessoas-sao-baleadas-na-saida-de-uma-igreja\/","title":{"rendered":"VIOL\u00caNCIA: Cinco pessoas s\u00e3o baleadas na sa\u00edda de uma igreja"},"content":{"rendered":"<p>Cinco pessoas foram atingidas por balas perdidas na noite desta sexta-feira, pr\u00f3ximo \u00e0 comunidade Para-Pedro, no bairro de Col\u00e9gio, na Zona Norte do Rio. As v\u00edtimas, identificadas como Apol\u00f4nia Maria da Costa Nascimento, de 65 anos, Marquele Costa Coutinho, de 32 anos, Antonio Herm\u00ednio Barbosa, de 62 anos, e duas meninas, de 7 e 8 anos, foram encaminhadas para o Posto de Assist\u00eancia M\u00e9dica (PAM) de Iraj\u00e1.<\/p>\n<p>Segundo um morador da comunidade, por volta das 20h, PMs do Batalh\u00e3o de Choque passavam pela regi\u00e3o em duas motos, quando avistaram um suspeito, tamb\u00e9m em uma motocicleta, na entrada da comunidade e come\u00e7aram a atirar. O homem, que era alvo da pol\u00edcia, conseguiu fugir.<\/p>\n<p>\u2014 Foi assustador. Do nada,ouvimos muitos tiros. Todos que estavam na regi\u00e3o ficaram nervosos \u2014 afirmou o morador.<\/p>\n<p>Apenas uma das cinco v\u00edtimas continua no PAM de Iraj\u00e1. Marquele Costa, m\u00e3e das meninas que tamb\u00e9m foram baleadas, levou um tiro na perna esquerda e chegou a ser transferida para um hospital, mas retornou para o PAM. Segundo informa\u00e7\u00f5es da unidade de sa\u00fade, o estado dela \u00e9 est\u00e1vel e ela n\u00e3o corre risco de morrer.<\/p>\n<p>A filha de 8 anos de Marquele foi atingida no p\u00e9 e j\u00e1 recebeu alta. J\u00e1 a menina de 7 anos foi transferida para outro hospital, ap\u00f3s ter levado um tiro no pesco\u00e7o, e passa bem.<\/p>\n<p>Apol\u00f4nia Maria da Costa Nascimento, que tamb\u00e9m foi levada para o PAM, foi atingida nas n\u00e1degas e na perna por quatro tiros. A senhora de 65 anos foi transferida, na madrugada deste s\u00e1bado, para o Hospital Municipal Albert Schweitzer, em Realengo, na Zona Oeste. O estado dela \u00e9 considerado est\u00e1vel. Segundo o filho da v\u00edtima, que preferiu n\u00e3o identificar, ela est\u00e1 fora de perigo.<\/p>\n<p>\u2014 Estava em um casamento na igreja Assembleia de Deus, que fica na rua de frente da comunidade Para-Pedro, quando ouvi os tiros. Em pouco tempo me avisaram o que tinha ocorrido com a minha m\u00e3e. Ela estava do lado de fora da igreja para ver a chegada da noiva \u2014 completou o filho de Apol\u00f4nia.<\/p>\n<p>Um funcion\u00e1rio do PAM de Iraj\u00e1 afirmou que o estado de Antonio Herm\u00ednio Barbosa \u00e9 considerado grave. Ele foi transferido para outra unidade de sa\u00fade. As primeiras informa\u00e7\u00f5es apontavam que ele tinha sido levado para o Hospital Salgado Filho, no M\u00e9ier. No entanto, pessoas que trabalham na unidade disseram que n\u00e3o s\u00e3o autorizadas a passar informa\u00e7\u00f5es sobre os pacientes e n\u00e3o confirmaram se Antonio est\u00e1 ou n\u00e3o internado no hospital. N\u00e3o se sabe o atual estado de sa\u00fade dele.<\/p>\n<p>O GLOBO tentou contato com a Pol\u00edcia Militar para obter mais informa\u00e7\u00f5es sobre o ocorrido, mas ainda n\u00e3o n\u00e3o obteve resposta.<\/p>\n<p>Tamb\u00e9m na noite desta sexta-feira, uma menina de 15 anos morreu ap\u00f3s ser atingida no rosto por uma bala perdida na regi\u00e3o da Pra\u00e7a Seca, na Zona Oeste do Rio.<\/p>\n<p><br clear=\"all\" \/><br clear=\"all\" \/><\/p>\n<p>Fonte: Extra<\/p>\n","protected":false},"excerpt":{"rendered":"<p>Cinco pessoas foram atingidas por balas perdidas na noite desta sexta-feira, pr\u00f3ximo \u00e0 comunidade Para-Pedro, no bairro de Col\u00e9gio, na Zona Norte do Rio. As&hellip; <\/p>\n","protected":false},"author":1,"featured_media":40054,"comment_status":"closed","ping_status":"closed","sticky":false,"template":"","format":"standard","meta":{"sfsi_plus_gutenberg_text_before_share":"","sfsi_plus_gutenberg_show_text_before_share":"","sfsi_plus_gutenberg_icon_type":"","sfsi_plus_gutenberg_icon_alignemt":"","sfsi_plus_gutenburg_max_per_row":"","footnotes":""},"categories":[12],"tags":[],"class_list":["post-74237","post","type-post","status-publish","format-standard","has-post-thumbnail","hentry","category-policia"],"_links":{"self":[{"href":"https:\/\/www.caririemacao.com\/1\/wp-json\/wp\/v2\/posts\/74237","targetHints":{"allow":["GET"]}}],"collection":[{"href":"https:\/\/www.caririemacao.com\/1\/wp-json\/wp\/v2\/posts"}],"about":[{"href":"https:\/\/www.caririemacao.com\/1\/wp-json\/wp\/v2\/types\/post"}],"author":[{"embeddable":true,"href":"https:\/\/www.caririemacao.com\/1\/wp-json\/wp\/v2\/users\/1"}],"replies":[{"embeddable":true,"href":"https:\/\/www.caririemacao.com\/1\/wp-json\/wp\/v2\/comments?post=74237"}],"version-history":[{"count":1,"href":"https:\/\/www.caririemacao.com\/1\/wp-json\/wp\/v2\/posts\/74237\/revisions"}],"predecessor-version":[{"id":74238,"href":"https:\/\/www.caririemacao.com\/1\/wp-json\/wp\/v2\/posts\/74237\/revisions\/74238"}],"wp:featuredmedia":[{"embeddable":true,"href":"https:\/\/www.caririemacao.com\/1\/wp-json\/wp\/v2\/media\/40054"}],"wp:attachment":[{"href":"https:\/\/www.caririemacao.com\/1\/wp-json\/wp\/v2\/media?parent=74237"}],"wp:term":[{"taxonomy":"category","embeddable":true,"href":"https:\/\/www.caririemacao.com\/1\/wp-json\/wp\/v2\/categories?post=74237"},{"taxonomy":"post_tag","embeddable":true,"href":"https:\/\/www.caririemacao.com\/1\/wp-json\/wp\/v2\/tags?post=74237"}],"curies":[{"name":"wp","href":"https:\/\/api.w.org\/{rel}","templated":true}]}}