{"id":74246,"date":"2018-11-24T14:50:24","date_gmt":"2018-11-24T17:50:24","guid":{"rendered":"http:\/\/www.caririemacao.com\/1\/?p=74246"},"modified":"2018-11-24T14:50:24","modified_gmt":"2018-11-24T17:50:24","slug":"saiba-quem-e-o-homem-anonimo-que-tem-acesso-livre-a-cela-do-ex-presidente-lula","status":"publish","type":"post","link":"https:\/\/www.caririemacao.com\/1\/2018\/11\/24\/saiba-quem-e-o-homem-anonimo-que-tem-acesso-livre-a-cela-do-ex-presidente-lula\/","title":{"rendered":"Saiba quem \u00e9 o homem an\u00f4nimo que tem acesso livre \u00e0 cela do ex-presidente Lula"},"content":{"rendered":"<p>O prontu\u00e1rio da Pol\u00edcia Federal informou que o ex-presidente Lula j\u00e1 recebeu (em seus seis meses de pris\u00e3o) 572 visitas.<\/p>\n<p>A hist\u00f3ria de um desses visitantes foi contada dias atr\u00e1s pelo jornal O Estado de S\u00e3o Paulo.<\/p>\n<div id=\"attachment_530342\" class=\"wp-caption aligncenter\"><img decoding=\"async\" class=\"wp-image-530342 size-full lazyload\" data-src=\"https:\/\/paraibaonline.com.br\/wp-content\/uploads\/2018\/11\/eliseu-barbeiro2411.jpg\" data-srcset=\"https:\/\/paraibaonline.com.br\/wp-content\/uploads\/2018\/11\/eliseu-barbeiro2411.jpg 657w, https:\/\/paraibaonline.com.br\/wp-content\/uploads\/2018\/11\/eliseu-barbeiro2411-567x387.jpg 567w\" alt=\"Foto: reprodu\u00e7\u00e3o estadao\" src=\"data:image\/svg+xml;base64,PHN2ZyB3aWR0aD0iMSIgaGVpZ2h0PSIxIiB4bWxucz0iaHR0cDovL3d3dy53My5vcmcvMjAwMC9zdmciPjwvc3ZnPg==\" \/><\/p>\n<p class=\"wp-caption-text\">Foto: reprodu\u00e7\u00e3o\/estadao<\/p>\n<\/div>\n<p>Trata-se de Eliseu Clemente, 40 anos, que secretamente comparece duas vezes por m\u00eas para cortar o cabelo e aparar a barba do ex-presidente.<\/p>\n<p>A presta\u00e7\u00e3o do servi\u00e7o externo era t\u00e3o confidencial que nem a esposa do profissional sabia o motivo pelo qual ele periodicamente fechava as portas do seu sal\u00e3o em Curitiba (PR) e desaparecia por algumas horas.<\/p>\n<p>O barbeiro declarou ao jornal ter ficado impressionado com a quantidade de folhas manuscritas que o petista guarda.<\/p>\n<p>\u201cFico at\u00e9 com pena dele. \u00c9 uma pessoa de idade, algu\u00e9m que, querendo ou n\u00e3o, governou o Pa\u00eds e ajudou muitas pessoas e est\u00e1 em uma situa\u00e7\u00e3o daquela. \u00c9 um ser humano, n\u00e9?\u201d, comentou Eliseu.<\/p>\n<p>&nbsp;<\/p>\n<p>Estad\u00e3o<\/p>\n","protected":false},"excerpt":{"rendered":"<p>O prontu\u00e1rio da Pol\u00edcia Federal informou que o ex-presidente Lula j\u00e1 recebeu (em seus seis meses de pris\u00e3o) 572 visitas. A hist\u00f3ria de um desses&hellip; <\/p>\n","protected":false},"author":1,"featured_media":38403,"comment_status":"closed","ping_status":"closed","sticky":false,"template":"","format":"standard","meta":{"sfsi_plus_gutenberg_text_before_share":"","sfsi_plus_gutenberg_show_text_before_share":"","sfsi_plus_gutenberg_icon_type":"","sfsi_plus_gutenberg_icon_alignemt":"","sfsi_plus_gutenburg_max_per_row":"","footnotes":""},"categories":[11],"tags":[],"class_list":["post-74246","post","type-post","status-publish","format-standard","has-post-thumbnail","hentry","category-politica"],"_links":{"self":[{"href":"https:\/\/www.caririemacao.com\/1\/wp-json\/wp\/v2\/posts\/74246","targetHints":{"allow":["GET"]}}],"collection":[{"href":"https:\/\/www.caririemacao.com\/1\/wp-json\/wp\/v2\/posts"}],"about":[{"href":"https:\/\/www.caririemacao.com\/1\/wp-json\/wp\/v2\/types\/post"}],"author":[{"embeddable":true,"href":"https:\/\/www.caririemacao.com\/1\/wp-json\/wp\/v2\/users\/1"}],"replies":[{"embeddable":true,"href":"https:\/\/www.caririemacao.com\/1\/wp-json\/wp\/v2\/comments?post=74246"}],"version-history":[{"count":1,"href":"https:\/\/www.caririemacao.com\/1\/wp-json\/wp\/v2\/posts\/74246\/revisions"}],"predecessor-version":[{"id":74253,"href":"https:\/\/www.caririemacao.com\/1\/wp-json\/wp\/v2\/posts\/74246\/revisions\/74253"}],"wp:featuredmedia":[{"embeddable":true,"href":"https:\/\/www.caririemacao.com\/1\/wp-json\/wp\/v2\/media\/38403"}],"wp:attachment":[{"href":"https:\/\/www.caririemacao.com\/1\/wp-json\/wp\/v2\/media?parent=74246"}],"wp:term":[{"taxonomy":"category","embeddable":true,"href":"https:\/\/www.caririemacao.com\/1\/wp-json\/wp\/v2\/categories?post=74246"},{"taxonomy":"post_tag","embeddable":true,"href":"https:\/\/www.caririemacao.com\/1\/wp-json\/wp\/v2\/tags?post=74246"}],"curies":[{"name":"wp","href":"https:\/\/api.w.org\/{rel}","templated":true}]}}