{"id":74247,"date":"2018-11-24T13:22:27","date_gmt":"2018-11-24T16:22:27","guid":{"rendered":"http:\/\/www.caririemacao.com\/1\/?p=74247"},"modified":"2018-11-24T13:22:27","modified_gmt":"2018-11-24T16:22:27","slug":"dia-d-do-novembro-azul-tem-a-mais-alta-procura-de-todos-os-anos-em-monteiro","status":"publish","type":"post","link":"https:\/\/www.caririemacao.com\/1\/2018\/11\/24\/dia-d-do-novembro-azul-tem-a-mais-alta-procura-de-todos-os-anos-em-monteiro\/","title":{"rendered":"Dia D do Novembro Azul tem a mais alta procura de todos os anos em Monteiro"},"content":{"rendered":"<p>Com mais de 280 atendimentos, Dia D do Novembro Azul em Monteiro supera expectativas e pacientes sentem-se satisfeitos com o servi\u00e7o.<br \/>\nA Secretaria de Sa\u00fade de Monteiro, por meio do Centro de Especialidades M\u00e9dicas &#8211; CEMED, promoveu nesta quinta-feira, 22, a maior a\u00e7\u00e3o de conscientiza\u00e7\u00e3o para a preven\u00e7\u00e3o do c\u00e2ncer de pr\u00f3stata dentro da programa\u00e7\u00e3o do Novembro Azul.<br \/>\nOs atendimentos tiveram in\u00edcio \u00e0s 07 horas da manh\u00e3 e durante a espera houveram aferi\u00e7\u00e3o de press\u00e3o e teste de glicemia, sorteio de brindes oferecidos pelo com\u00e9rcio local, momento de exerc\u00edcio com a equipe do NASF, corte de cabelo e uma palestras com o m\u00e9dico urologista Dr. Talles de Oliveira que abordou o tema e tamb\u00e9m tirou d\u00favidas dos pacientes, al\u00e9m de um delicioso caf\u00e9 da manh\u00e3.<br \/>\nEstiveram ainda participando do momento o prefeito em exerc\u00edcio Celecileno Alves, as secret\u00e1rias de sa\u00fade Paula Oliveira e Viviane Ferreira, al\u00e9m de diretores dos servi\u00e7os de sa\u00fade.<br \/>\nSegundo a diretora do CEMED, Soleni Souza, o balan\u00e7o foi extremamente positivo e completa \u201cEsta foi a maior a\u00e7\u00e3o tanto em oferta de exames de PSA, que chegaram a 300, al\u00e9m da procura nas consultas que s\u00f3 neste \u2018Dia D\u2019 foram cerca de 280. Isso s\u00f3 mostra que o nosso trabalho de conscientiza\u00e7\u00e3o est\u00e1 dando certo e os homens da cidade est\u00e3o mais abertos aos cuidados com a sa\u00fade\u201d.<br \/>\nPara o senhor Jo\u00e3o Silva, que participou do evento, a a\u00e7\u00e3o foi importante e pontua \u201c\u00c9 sempre bom cuidar da sa\u00fade, apesar que n\u00f3s homens n\u00e3o ligamos muito, mas sempre o pessoal da sa\u00fade estava falando e minha esposa me lembrou. Fiz o exame e a consulta, gra\u00e7as a Deus est\u00e1 tudo bem, mas o m\u00e9dico disse que todo ano eu preciso fazer esse exame por conta da minha idade. Quero agradecer a ele e a toda essa equipe que me tratou muito bem. Est\u00e3o de parab\u00e9ns.\u201d<\/p>\n<p>&nbsp;<\/p>\n<p>Ascom\/Monteiro<\/p>\n","protected":false},"excerpt":{"rendered":"<p>Com mais de 280 atendimentos, Dia D do Novembro Azul em Monteiro supera expectativas e pacientes sentem-se satisfeitos com o servi\u00e7o. A Secretaria de Sa\u00fade&hellip; <\/p>\n","protected":false},"author":1,"featured_media":74248,"comment_status":"closed","ping_status":"closed","sticky":false,"template":"","format":"standard","meta":{"sfsi_plus_gutenberg_text_before_share":"","sfsi_plus_gutenberg_show_text_before_share":"","sfsi_plus_gutenberg_icon_type":"","sfsi_plus_gutenberg_icon_alignemt":"","sfsi_plus_gutenburg_max_per_row":"","footnotes":""},"categories":[16],"tags":[],"class_list":["post-74247","post","type-post","status-publish","format-standard","has-post-thumbnail","hentry","category-saude"],"_links":{"self":[{"href":"https:\/\/www.caririemacao.com\/1\/wp-json\/wp\/v2\/posts\/74247","targetHints":{"allow":["GET"]}}],"collection":[{"href":"https:\/\/www.caririemacao.com\/1\/wp-json\/wp\/v2\/posts"}],"about":[{"href":"https:\/\/www.caririemacao.com\/1\/wp-json\/wp\/v2\/types\/post"}],"author":[{"embeddable":true,"href":"https:\/\/www.caririemacao.com\/1\/wp-json\/wp\/v2\/users\/1"}],"replies":[{"embeddable":true,"href":"https:\/\/www.caririemacao.com\/1\/wp-json\/wp\/v2\/comments?post=74247"}],"version-history":[{"count":1,"href":"https:\/\/www.caririemacao.com\/1\/wp-json\/wp\/v2\/posts\/74247\/revisions"}],"predecessor-version":[{"id":74249,"href":"https:\/\/www.caririemacao.com\/1\/wp-json\/wp\/v2\/posts\/74247\/revisions\/74249"}],"wp:featuredmedia":[{"embeddable":true,"href":"https:\/\/www.caririemacao.com\/1\/wp-json\/wp\/v2\/media\/74248"}],"wp:attachment":[{"href":"https:\/\/www.caririemacao.com\/1\/wp-json\/wp\/v2\/media?parent=74247"}],"wp:term":[{"taxonomy":"category","embeddable":true,"href":"https:\/\/www.caririemacao.com\/1\/wp-json\/wp\/v2\/categories?post=74247"},{"taxonomy":"post_tag","embeddable":true,"href":"https:\/\/www.caririemacao.com\/1\/wp-json\/wp\/v2\/tags?post=74247"}],"curies":[{"name":"wp","href":"https:\/\/api.w.org\/{rel}","templated":true}]}}