{"id":74254,"date":"2018-11-24T14:54:42","date_gmt":"2018-11-24T17:54:42","guid":{"rendered":"http:\/\/www.caririemacao.com\/1\/?p=74254"},"modified":"2018-11-24T14:54:42","modified_gmt":"2018-11-24T17:54:42","slug":"padrasto-e-preso-suspeito-de-estuprar-enteada-de-14-anos","status":"publish","type":"post","link":"https:\/\/www.caririemacao.com\/1\/2018\/11\/24\/padrasto-e-preso-suspeito-de-estuprar-enteada-de-14-anos\/","title":{"rendered":"Padrasto \u00e9 preso suspeito de estuprar enteada de 14 anos"},"content":{"rendered":"<p>Um homem de 29 anos de idade foi preso por policiais da 3\u00aa Companhia do 4\u00ba Batalh\u00e3o de Pol\u00edcia Militar na noite dessa sexta-feira (23), na cidade de Bel\u00e9m, suspeito de estupro de vulner\u00e1vel contra a enteada de 14 anos.<\/p>\n<div id=\"attachment_200629\" class=\"wp-caption aligncenter\"><img decoding=\"async\" class=\"wp-image-200629 size-full lazyload\" data-src=\"https:\/\/paraibaonline.com.br\/wp-content\/uploads\/2017\/10\/artflex11.jpeg\" alt=\"\" src=\"data:image\/svg+xml;base64,PHN2ZyB3aWR0aD0iMSIgaGVpZ2h0PSIxIiB4bWxucz0iaHR0cDovL3d3dy53My5vcmcvMjAwMC9zdmciPjwvc3ZnPg==\" \/><\/p>\n<p class=\"wp-caption-text\">Foto: Ascom<\/p>\n<\/div>\n<p>A ocorr\u00eancia teve in\u00edcio quando a adolescente entrou em contato com o Copom informando que a sua m\u00e3e e o seu padrasto, depois de ingerirem bebida alco\u00f3lica, estavam se desentendo no interior da resid\u00eancia, localizada na Rua Nova.<\/p>\n<p>A adolescente pediu pra conversar em particular com a guarni\u00e7\u00e3o e relatou que vem sendo abusada sexualmente pelo padrasto desde os 12 anos de idade e nunca o denunciou por receber amea\u00e7a de morte.<\/p>\n<p>Os policiais conduziram os envolvidos \u00e0 Delegacia de Pol\u00edcia Civil para a lavratura do auto de pris\u00e3o em flagrante, que foi acompanhado por conselheiros tutelares.<\/p>\n<p>&nbsp;<\/p>\n<p>Para\u00edba Online<\/p>\n","protected":false},"excerpt":{"rendered":"<p>Um homem de 29 anos de idade foi preso por policiais da 3\u00aa Companhia do 4\u00ba Batalh\u00e3o de Pol\u00edcia Militar na noite dessa sexta-feira (23),&hellip; <\/p>\n","protected":false},"author":1,"featured_media":13616,"comment_status":"closed","ping_status":"closed","sticky":false,"template":"","format":"standard","meta":{"sfsi_plus_gutenberg_text_before_share":"","sfsi_plus_gutenberg_show_text_before_share":"","sfsi_plus_gutenberg_icon_type":"","sfsi_plus_gutenberg_icon_alignemt":"","sfsi_plus_gutenburg_max_per_row":"","footnotes":""},"categories":[1],"tags":[],"class_list":["post-74254","post","type-post","status-publish","format-standard","has-post-thumbnail","hentry","category-o-site"],"_links":{"self":[{"href":"https:\/\/www.caririemacao.com\/1\/wp-json\/wp\/v2\/posts\/74254","targetHints":{"allow":["GET"]}}],"collection":[{"href":"https:\/\/www.caririemacao.com\/1\/wp-json\/wp\/v2\/posts"}],"about":[{"href":"https:\/\/www.caririemacao.com\/1\/wp-json\/wp\/v2\/types\/post"}],"author":[{"embeddable":true,"href":"https:\/\/www.caririemacao.com\/1\/wp-json\/wp\/v2\/users\/1"}],"replies":[{"embeddable":true,"href":"https:\/\/www.caririemacao.com\/1\/wp-json\/wp\/v2\/comments?post=74254"}],"version-history":[{"count":1,"href":"https:\/\/www.caririemacao.com\/1\/wp-json\/wp\/v2\/posts\/74254\/revisions"}],"predecessor-version":[{"id":74255,"href":"https:\/\/www.caririemacao.com\/1\/wp-json\/wp\/v2\/posts\/74254\/revisions\/74255"}],"wp:featuredmedia":[{"embeddable":true,"href":"https:\/\/www.caririemacao.com\/1\/wp-json\/wp\/v2\/media\/13616"}],"wp:attachment":[{"href":"https:\/\/www.caririemacao.com\/1\/wp-json\/wp\/v2\/media?parent=74254"}],"wp:term":[{"taxonomy":"category","embeddable":true,"href":"https:\/\/www.caririemacao.com\/1\/wp-json\/wp\/v2\/categories?post=74254"},{"taxonomy":"post_tag","embeddable":true,"href":"https:\/\/www.caririemacao.com\/1\/wp-json\/wp\/v2\/tags?post=74254"}],"curies":[{"name":"wp","href":"https:\/\/api.w.org\/{rel}","templated":true}]}}