{"id":74259,"date":"2018-11-25T09:28:50","date_gmt":"2018-11-25T12:28:50","guid":{"rendered":"http:\/\/www.caririemacao.com\/1\/?p=74259"},"modified":"2018-11-25T09:28:50","modified_gmt":"2018-11-25T12:28:50","slug":"dois-times-garantem-vaga-na-serie-a-do-brasileiro-em-2019","status":"publish","type":"post","link":"https:\/\/www.caririemacao.com\/1\/2018\/11\/25\/dois-times-garantem-vaga-na-serie-a-do-brasileiro-em-2019\/","title":{"rendered":"Dois times garantem vaga na S\u00e9rie A do Brasileiro em 2019"},"content":{"rendered":"<p>A \u00faltima rodada do Campeonato Brasileiro da S\u00e9rie B, realizado neste s\u00e1bado (24), definiu os times que subiram para a primeira divis\u00e3o, e as equipes que ca\u00edram para a terceira.<\/p>\n<p>O CSA bateu o Juventude por 4 a 0 e garantiu a vice-lideran\u00e7a da S\u00e9rie B e a passagem para a primeira divis\u00e3o do campeonato.<\/p>\n<p>O clube terminou a competi\u00e7\u00e3o com 62 pontos. J\u00e1 a equipe do Rio Grande do Sul, acabou na vice-lanterna e foi rebaixado com 35 pontos.<\/p>\n<p>O Fortaleza, time do t\u00e9cnico Rog\u00e9rio Ceni, foi o campe\u00e3o da S\u00e9rie B, com 71 pontos.<\/p>\n<p>O Ava\u00ed (veja foto da comemora\u00e7\u00e3o) tamb\u00e9m subiu ap\u00f3s segurar empate contra a Ponte Preta, que tamb\u00e9m brigava para chegar a S\u00e9ria A. A partida terminou em 0 a 0.<\/p>\n<p>Em terceiro no campeonato, o Ava\u00ed registrou 61 pontos. O time de Campinas ficou em quinto lugar, com 60 pontos.<\/p>\n<p>O Goi\u00e1s foi a \u00faltima equipe que garantiu a vaga para a primeira divis\u00e3o do Brasileiro.<\/p>\n<p>Na quarta posi\u00e7\u00e3o, o clube de Goi\u00e2nia perdeu para Brasil de Pelotas, por 1 a 0, e frustrou a festa de classifica\u00e7\u00e3o para os torcedores no Serra Dourado, mas a equipe j\u00e1 havia garantido o acesso na rodada passada.<\/p>\n<p>Na parte debaixo da tabela, o Paysandu perdeu para o Atl\u00e9tico-GO em uma partida cheia de gols -2 a 5-, e terminou o campeonato na 17\u00aa coloca\u00e7\u00e3o, com 43 pontos, e deu in\u00edcio aos times que ca\u00edram para a terceira divis\u00e3o.<\/p>\n<p>Al\u00e9m da Juventude e Paysandu. Sampaio Corr\u00eaa e Boa Esporte tamb\u00e9m foram rebaixados para a S\u00e9rie C.<\/p>\n<p>&nbsp;<\/p>\n<p>Gazeta.Esportivo<\/p>\n","protected":false},"excerpt":{"rendered":"<p>A \u00faltima rodada do Campeonato Brasileiro da S\u00e9rie B, realizado neste s\u00e1bado (24), definiu os times que subiram para a primeira divis\u00e3o, e as equipes&hellip; <\/p>\n","protected":false},"author":1,"featured_media":74260,"comment_status":"closed","ping_status":"closed","sticky":false,"template":"","format":"standard","meta":{"sfsi_plus_gutenberg_text_before_share":"","sfsi_plus_gutenberg_show_text_before_share":"","sfsi_plus_gutenberg_icon_type":"","sfsi_plus_gutenberg_icon_alignemt":"","sfsi_plus_gutenburg_max_per_row":"","footnotes":""},"categories":[13],"tags":[],"class_list":["post-74259","post","type-post","status-publish","format-standard","has-post-thumbnail","hentry","category-esportes"],"_links":{"self":[{"href":"https:\/\/www.caririemacao.com\/1\/wp-json\/wp\/v2\/posts\/74259","targetHints":{"allow":["GET"]}}],"collection":[{"href":"https:\/\/www.caririemacao.com\/1\/wp-json\/wp\/v2\/posts"}],"about":[{"href":"https:\/\/www.caririemacao.com\/1\/wp-json\/wp\/v2\/types\/post"}],"author":[{"embeddable":true,"href":"https:\/\/www.caririemacao.com\/1\/wp-json\/wp\/v2\/users\/1"}],"replies":[{"embeddable":true,"href":"https:\/\/www.caririemacao.com\/1\/wp-json\/wp\/v2\/comments?post=74259"}],"version-history":[{"count":1,"href":"https:\/\/www.caririemacao.com\/1\/wp-json\/wp\/v2\/posts\/74259\/revisions"}],"predecessor-version":[{"id":74261,"href":"https:\/\/www.caririemacao.com\/1\/wp-json\/wp\/v2\/posts\/74259\/revisions\/74261"}],"wp:featuredmedia":[{"embeddable":true,"href":"https:\/\/www.caririemacao.com\/1\/wp-json\/wp\/v2\/media\/74260"}],"wp:attachment":[{"href":"https:\/\/www.caririemacao.com\/1\/wp-json\/wp\/v2\/media?parent=74259"}],"wp:term":[{"taxonomy":"category","embeddable":true,"href":"https:\/\/www.caririemacao.com\/1\/wp-json\/wp\/v2\/categories?post=74259"},{"taxonomy":"post_tag","embeddable":true,"href":"https:\/\/www.caririemacao.com\/1\/wp-json\/wp\/v2\/tags?post=74259"}],"curies":[{"name":"wp","href":"https:\/\/api.w.org\/{rel}","templated":true}]}}