{"id":74264,"date":"2018-11-25T09:35:27","date_gmt":"2018-11-25T12:35:27","guid":{"rendered":"http:\/\/www.caririemacao.com\/1\/?p=74264"},"modified":"2018-11-25T09:35:27","modified_gmt":"2018-11-25T12:35:27","slug":"carceragem-da-pf-nao-tem-colchoes-para-presos-da-nova-fase-da-lava-jato","status":"publish","type":"post","link":"https:\/\/www.caririemacao.com\/1\/2018\/11\/25\/carceragem-da-pf-nao-tem-colchoes-para-presos-da-nova-fase-da-lava-jato\/","title":{"rendered":"Carceragem da PF n\u00e3o tem colch\u00f5es para presos da nova fase da Lava Jato"},"content":{"rendered":"<p>A carceragem da Superintend\u00eancia da Pol\u00edcia Federal no Paran\u00e1 n\u00e3o tem colch\u00f5es e nem celas para acomodar todos os presos da 56\u00aa fase da Opera\u00e7\u00e3o Lava Jato, que teve como alvos ex-dirigentes da Petros (Fundo de Pens\u00e3o da Petrobras), petistas e executivos da OAS, incluindo C\u00e9sar Mata Pires Filho, um dos donos da companhia.<\/p>\n<p>Ao todo s\u00e3o 22 mandados de pris\u00e3o por desvios na constru\u00e7\u00e3o da sede da Petrobras na Bahia, conhecida como Torre Pituba. Pelo menos cinco dos alvos j\u00e1 est\u00e3o na carceragem da PF paranaense desde sexta (23).<\/p>\n<p>O empreiteiro C\u00e9sar Mata Pires Filho est\u00e1 no exterior e seu advogado disse que ele se apresentar\u00e1 \u00e0 pol\u00edcia no domingo (25).<\/p>\n<p>Advogados est\u00e3o levando colch\u00f5es, roupas de cama, travesseiros e toalhas para seus clientes.<\/p>\n<p>Nos finais de semana n\u00e3o \u00e9 permitida a entrada de material de fora para os presos, mas a dire\u00e7\u00e3o da PF paranaense abriu exce\u00e7\u00e3o para este s\u00e1bado (24).<\/p>\n<p>A carceragem da Pol\u00edcia Federal tem duas alas com tr\u00eas celas em cada uma.<\/p>\n<p>Uma ala est\u00e1 destinada a acomodar os delatores da Lava Jato e de outras opera\u00e7\u00f5es que correm na Justi\u00e7a Federal paranaense e outros r\u00e9us que negociam colabora\u00e7\u00e3o premiada.<\/p>\n<p>Neste espa\u00e7o est\u00e3o o ex-ministro Antonio Palocci e o ex-presidente da OAS Leo Pinheiro.<\/p>\n<p>A ala onde ficar\u00e3o os presos da nova fase da opera\u00e7\u00e3o tem tr\u00eas cub\u00edculos equipados com beliche.<\/p>\n<p>Al\u00e9m dos presos da Lava Jato, essa \u00e1rea recebe suspeitos detidos por contrabando, tr\u00e1fico de drogas, falsifica\u00e7\u00e3o e outros crimes.<\/p>\n<p>Em caso de superlota\u00e7\u00e3o, as\u00a0celas\u00a0ficam abertas e os presos dormem em colch\u00f5es espalhados pelo ch\u00e3o.<\/p>\n<p>\u00c9 o que ocorrer\u00e1 caso os 22 alvos da opera\u00e7\u00e3o desta sexta tenham que se acomodar naquele espa\u00e7o.<\/p>\n<p>Informada\u00a0sobre o teor da reportagem, a assessoria da Pol\u00edcia Federal no Paran\u00e1 disse \u201cn\u00e3o ter essa informa\u00e7\u00e3o\u201d sobre superlota\u00e7\u00e3o ou falta de colch\u00f5es.<\/p>\n<p>Al\u00e9m dos 22 mandados de pris\u00e3o a Justi\u00e7a determinou tamb\u00e9m o bloqueio de bens de acusados.<\/p>\n<p>Segundo o MPF (Minist\u00e9rio P\u00fablico Federal), a finalidade da constru\u00e7\u00e3o do pr\u00e9dio, apelidado de Torre Pituba,\u00a0 era\u00a0ser alugado para a companhia.<\/p>\n<p>O custo estimado do projeto foi de R$ 1,3 bilh\u00e3o -dos quais pelo menos R$ 68 milh\u00f5es foram desviados em pagamento de propina, segundo a Procuradoria.<\/p>\n<p>Os ex-presidentes da\u00a0Petros\u00a0com mandados de pris\u00e3o preventiva s\u00e3o Lu\u00eds Carlos Fernandes Afonso e Carlos Fernando Costa.<\/p>\n<p>Um terceiro ex-presidente do fundo, Wagner Pinheiro, foi alvo de buscas, suspeito de ter recebido cerca de R$ 2,5 milh\u00f5es em vantagens indevidas por meio de uma empresa de fachada.<\/p>\n<p>A investiga\u00e7\u00e3o em rela\u00e7\u00e3o a ele ainda est\u00e1 em andamento.<\/p>\n<p>Tamb\u00e9m foi alvo da opera\u00e7\u00e3o Valdemir Garreta, ex-dirigente petista e respons\u00e1vel pelo marketing de campanhas eleitorais do partido.<\/p>\n<p>Ele foi preso temporariamente (com dura\u00e7\u00e3o de cinco dias), em S\u00e3o Paulo, suspeito de intermediar pagamentos em prol do PT.<\/p>\n<p>Entre os presos est\u00e1 tamb\u00e9m o sindicalista Armando Ramos Tripodi, que foi chefe de gabinete da presid\u00eancia da Petrobras nas gest\u00f5es de Jos\u00e9 Eduardo Dutra e Jos\u00e9 S\u00e9rgio Gabrielli, entre 2003 e 2012.<\/p>\n<p>Conhecido pelo apelido Bacalhau, Tripodi foi diretor da FUP (Federa\u00e7\u00e3o \u00danica dos Petroleiro) e fundador Departamento Nacional dos Petroleiros da CUT (Central \u00fanica dos Trabalhadores) e tem rela\u00e7\u00e3o estreita com dirigentes e deputados do PT da Bahia.<\/p>\n<p>Ele j\u00e1 havia sido alvo de condu\u00e7\u00e3o coercitiva em 2016 na 23\u00aa\u00a0fase da lava jato, batizada Opera\u00e7\u00e3o Acaraj\u00e9, por suspeita de receber dinheiro irregular da Odebrecht por meio de uma reforma em sua casa.<\/p>\n<p>\u00c9 a primeira fase da Lava Jato autorizada pela ju\u00edza Gabriela Hardt, que substituiu Sergio Moro na 13\u00aa Vara Federal de Curitiba -e uma das que tem o maior n\u00famero de presos da opera\u00e7\u00e3o.<\/p>\n<p>Constru\u00edda sob medida pela Petros para abrigar os escrit\u00f3rios da Petrobras em Salvador, a Torre Pituba estava or\u00e7ada inicialmente em R$ 320 milh\u00f5es. Ao final, s\u00f3 a constru\u00e7\u00e3o custou cerca de R$ 747 milh\u00f5es. O projeto final, que incluiu contratos de gerenciamento e projetos executivos, consumiu R$ 1,3 bilh\u00e3o.<\/p>\n<p>Os desvios apurados at\u00e9 aqui chegam a R$ 68 milh\u00f5es, em valores corrigidos, de acordo com o MPF. Isso representa cerca de 10% do valor da obra de constru\u00e7\u00e3o. \u00c9 o maior percentual de propinas j\u00e1 identificado na Lava Jato.<\/p>\n<p>OUTRO LADO<br \/>\nA defesa de C\u00e9sar Mata Pires Filho diz ter sido pega de surpresa com o pedido de pris\u00e3o.<\/p>\n<p>\u201cFomos surpreendidos com a decis\u00e3o judicial que decretou a cust\u00f3dia provis\u00f3ria do nosso cliente\u201d, disse o advogado Aloisio Lacerda Medeiros, que defende o dono da OAS.<\/p>\n<p>\u201cEstamos ainda nos inteirando dos acontecimentos. Nosso cliente est\u00e1 no exterior e regressar\u00e1 imediatamente ao pa\u00eds para prestar esclarecimentos e acatar a decis\u00e3o judicial.\u201d<\/p>\n<p>O executivo ir\u00e1 voltar ao Brasil no domingo, e se comprometeu a se entregar \u00e0 Pol\u00edcia Federal em Curitiba no mesmo dia.<\/p>\n<p>Danyelle Galv\u00e3o, advogada de Garreta, diz que a defesa \u201cn\u00e3o teve acesso aos autos, tampouco aos fundamentos da decis\u00e3o e que j\u00e1 havia se colocado \u00e0 disposi\u00e7\u00e3o para prestar esclarecimentos no in\u00edcio deste ano\u201d.<\/p>\n<p>A defesa de Marice Correa de Lima pediu a revoga\u00e7\u00e3o da pris\u00e3o. Ela negou, em depoimento \u00e0 PF, que tenha intermediado o pagamento de propinas na obra da Torre Pituba, tampouco recebido dinheiro em sua casa, e disse que j\u00e1 prestou esclarecimentos sobre os fatos quando foi detida pela primeira vez, em 2015.<\/p>\n<p>Em nota, o PT afirmou que a Lava Jato faz novas \u201cacusa\u00e7\u00f5es sem provas e tenta criminalizar doa\u00e7\u00f5es eleitorais feitas dentro da lei\u201d.<\/p>\n<p>A OAS informou que as investiga\u00e7\u00f5es dizem respeito a fatos anteriores \u00e0 atual gest\u00e3o, e disse que tem colaborado com as autoridades e prestado esclarecimentos sobre eventuais suspeitas, citando o acordo de leni\u00eancia celebrado com o Cade (Conselho Administrativo de Defesa Econ\u00f4mica), no ano passado.<\/p>\n<p>&nbsp;<\/p>\n<p>FOLHAPRESS<\/p>\n","protected":false},"excerpt":{"rendered":"<p>A carceragem da Superintend\u00eancia da Pol\u00edcia Federal no Paran\u00e1 n\u00e3o tem colch\u00f5es e nem celas para acomodar todos os presos da 56\u00aa fase da Opera\u00e7\u00e3o&hellip; <\/p>\n","protected":false},"author":1,"featured_media":47435,"comment_status":"closed","ping_status":"closed","sticky":false,"template":"","format":"standard","meta":{"sfsi_plus_gutenberg_text_before_share":"","sfsi_plus_gutenberg_show_text_before_share":"","sfsi_plus_gutenberg_icon_type":"","sfsi_plus_gutenberg_icon_alignemt":"","sfsi_plus_gutenburg_max_per_row":"","footnotes":""},"categories":[11],"tags":[],"class_list":["post-74264","post","type-post","status-publish","format-standard","has-post-thumbnail","hentry","category-politica"],"_links":{"self":[{"href":"https:\/\/www.caririemacao.com\/1\/wp-json\/wp\/v2\/posts\/74264","targetHints":{"allow":["GET"]}}],"collection":[{"href":"https:\/\/www.caririemacao.com\/1\/wp-json\/wp\/v2\/posts"}],"about":[{"href":"https:\/\/www.caririemacao.com\/1\/wp-json\/wp\/v2\/types\/post"}],"author":[{"embeddable":true,"href":"https:\/\/www.caririemacao.com\/1\/wp-json\/wp\/v2\/users\/1"}],"replies":[{"embeddable":true,"href":"https:\/\/www.caririemacao.com\/1\/wp-json\/wp\/v2\/comments?post=74264"}],"version-history":[{"count":1,"href":"https:\/\/www.caririemacao.com\/1\/wp-json\/wp\/v2\/posts\/74264\/revisions"}],"predecessor-version":[{"id":74265,"href":"https:\/\/www.caririemacao.com\/1\/wp-json\/wp\/v2\/posts\/74264\/revisions\/74265"}],"wp:featuredmedia":[{"embeddable":true,"href":"https:\/\/www.caririemacao.com\/1\/wp-json\/wp\/v2\/media\/47435"}],"wp:attachment":[{"href":"https:\/\/www.caririemacao.com\/1\/wp-json\/wp\/v2\/media?parent=74264"}],"wp:term":[{"taxonomy":"category","embeddable":true,"href":"https:\/\/www.caririemacao.com\/1\/wp-json\/wp\/v2\/categories?post=74264"},{"taxonomy":"post_tag","embeddable":true,"href":"https:\/\/www.caririemacao.com\/1\/wp-json\/wp\/v2\/tags?post=74264"}],"curies":[{"name":"wp","href":"https:\/\/api.w.org\/{rel}","templated":true}]}}