{"id":74266,"date":"2018-11-25T09:37:46","date_gmt":"2018-11-25T12:37:46","guid":{"rendered":"http:\/\/www.caririemacao.com\/1\/?p=74266"},"modified":"2018-11-25T09:38:21","modified_gmt":"2018-11-25T12:38:21","slug":"senador-eleito-espero-que-bolsonaro-possa-responder-as-expectativas-geradas","status":"publish","type":"post","link":"https:\/\/www.caririemacao.com\/1\/2018\/11\/25\/senador-eleito-espero-que-bolsonaro-possa-responder-as-expectativas-geradas\/","title":{"rendered":"Senador eleito: \u201dEspero que Bolsonaro possa responder \u00e0s expectativas geradas\u201d"},"content":{"rendered":"<p><!------------------->\u00a0\u00a0\u00a0\u00a0\u00a0\u00a0\u00a0<!--banner-editoria-->\u00a0\u00a0\u00a0\u00a0\u00a0\u00a0\u00a0<!------------------->\u00a0\u00a0\u00a0\u00a0\u00a0\u00a0\u00a0\u00a0\u00a0\u00a0\u00a0\u00a0\u00a0<!------------------->\u00a0\u00a0\u00a0\u00a0\u00a0\u00a0\u00a0<!-------fim--------->\u00a0\u00a0\u00a0\u00a0\u00a0\u00a0\u00a0<!------------------->\u00a0\u00a0\u00a0\u00a0\u00a0\u00a0\u00a0<!--conte\u00fado--><\/p>\n<div class=\"content\">\n<p>O senador eleito Veneziano Vital do R\u00eago (PSB-PB)\u00a0falou sobre o que espera do governo do presidente eleito Jair Bolsonaro (PSL).<\/p>\n<div id=\"attachment_494320\" class=\"wp-caption aligncenter\">\n<p><img decoding=\"async\" class=\"wp-image-494320 size-full lazyload\" data-src=\"https:\/\/paraibaonline.com.br\/wp-content\/uploads\/2018\/08\/veneziano-4.jpeg\" data-srcset=\"https:\/\/paraibaonline.com.br\/wp-content\/uploads\/2018\/08\/veneziano-4.jpeg 1024w, https:\/\/paraibaonline.com.br\/wp-content\/uploads\/2018\/08\/veneziano-4-557x417.jpeg 557w, https:\/\/paraibaonline.com.br\/wp-content\/uploads\/2018\/08\/veneziano-4-884x662.jpeg 884w, https:\/\/paraibaonline.com.br\/wp-content\/uploads\/2018\/08\/veneziano-4-800x600.jpeg 800w\" alt=\"Foto: Paraibaonline\" src=\"data:image\/svg+xml;base64,PHN2ZyB3aWR0aD0iMSIgaGVpZ2h0PSIxIiB4bWxucz0iaHR0cDovL3d3dy53My5vcmcvMjAwMC9zdmciPjwvc3ZnPg==\" \/><\/p>\n<p class=\"wp-caption-text\">Foto: Paraibaonline<\/p>\n<\/div>\n<p>\u2013 \u00a0Eu espero, como todos n\u00f3s integrantes de uma na\u00e7\u00e3o, um governo que possa acertar, o governo de Jair Bolsonaro possa responder \u00e0s expectativas que foram geradas a partir do resultado das elei\u00e7\u00f5es no 2\u00ba turno. A minha rela\u00e7\u00e3o com o deputado Jair Bolsonaro foi muito r\u00e1pida, at\u00e9 porque eu estou tendo a experi\u00eancia de um primeiro e \u00fanico mandato como deputado federal \u2013 disse.<\/p>\n<p>&nbsp;<\/p>\n<p>R\u00e1dio 101.1 FM<\/p>\n<\/div>\n","protected":false},"excerpt":{"rendered":"<p>\u00a0\u00a0\u00a0\u00a0\u00a0\u00a0\u00a0\u00a0\u00a0\u00a0\u00a0\u00a0\u00a0\u00a0\u00a0\u00a0\u00a0\u00a0\u00a0\u00a0\u00a0\u00a0\u00a0\u00a0\u00a0\u00a0\u00a0\u00a0\u00a0\u00a0\u00a0\u00a0\u00a0\u00a0\u00a0\u00a0\u00a0\u00a0\u00a0\u00a0\u00a0\u00a0\u00a0\u00a0\u00a0\u00a0\u00a0\u00a0 O senador eleito Veneziano Vital do R\u00eago (PSB-PB)\u00a0falou sobre o que espera do governo do presidente eleito Jair Bolsonaro (PSL). Foto: Paraibaonline \u2013 \u00a0Eu&hellip; <\/p>\n","protected":false},"author":1,"featured_media":34645,"comment_status":"closed","ping_status":"closed","sticky":false,"template":"","format":"standard","meta":{"sfsi_plus_gutenberg_text_before_share":"","sfsi_plus_gutenberg_show_text_before_share":"","sfsi_plus_gutenberg_icon_type":"","sfsi_plus_gutenberg_icon_alignemt":"","sfsi_plus_gutenburg_max_per_row":"","footnotes":""},"categories":[11],"tags":[],"class_list":["post-74266","post","type-post","status-publish","format-standard","has-post-thumbnail","hentry","category-politica"],"_links":{"self":[{"href":"https:\/\/www.caririemacao.com\/1\/wp-json\/wp\/v2\/posts\/74266","targetHints":{"allow":["GET"]}}],"collection":[{"href":"https:\/\/www.caririemacao.com\/1\/wp-json\/wp\/v2\/posts"}],"about":[{"href":"https:\/\/www.caririemacao.com\/1\/wp-json\/wp\/v2\/types\/post"}],"author":[{"embeddable":true,"href":"https:\/\/www.caririemacao.com\/1\/wp-json\/wp\/v2\/users\/1"}],"replies":[{"embeddable":true,"href":"https:\/\/www.caririemacao.com\/1\/wp-json\/wp\/v2\/comments?post=74266"}],"version-history":[{"count":2,"href":"https:\/\/www.caririemacao.com\/1\/wp-json\/wp\/v2\/posts\/74266\/revisions"}],"predecessor-version":[{"id":74268,"href":"https:\/\/www.caririemacao.com\/1\/wp-json\/wp\/v2\/posts\/74266\/revisions\/74268"}],"wp:featuredmedia":[{"embeddable":true,"href":"https:\/\/www.caririemacao.com\/1\/wp-json\/wp\/v2\/media\/34645"}],"wp:attachment":[{"href":"https:\/\/www.caririemacao.com\/1\/wp-json\/wp\/v2\/media?parent=74266"}],"wp:term":[{"taxonomy":"category","embeddable":true,"href":"https:\/\/www.caririemacao.com\/1\/wp-json\/wp\/v2\/categories?post=74266"},{"taxonomy":"post_tag","embeddable":true,"href":"https:\/\/www.caririemacao.com\/1\/wp-json\/wp\/v2\/tags?post=74266"}],"curies":[{"name":"wp","href":"https:\/\/api.w.org\/{rel}","templated":true}]}}