{"id":74269,"date":"2018-11-25T09:43:23","date_gmt":"2018-11-25T12:43:23","guid":{"rendered":"http:\/\/www.caririemacao.com\/1\/?p=74269"},"modified":"2018-11-25T09:43:23","modified_gmt":"2018-11-25T12:43:23","slug":"ong-olhar-pelo-proximo-realiza-mutirao-de-exame-de-vista-em-sao-sebastiao-do-umbuzeiro","status":"publish","type":"post","link":"https:\/\/www.caririemacao.com\/1\/2018\/11\/25\/ong-olhar-pelo-proximo-realiza-mutirao-de-exame-de-vista-em-sao-sebastiao-do-umbuzeiro\/","title":{"rendered":"ONG Olhar Pelo Pr\u00f3ximo realiza mutir\u00e3o de exame de vista em S\u00e3o Sebasti\u00e3o do Umbuzeiro"},"content":{"rendered":"<p>A Prefeitura Municipal de S\u00e3o Sebasti\u00e3o do Umbuzeiro,\u00a0\u00a0atrav\u00e9s da Secretaria Municipal de Sa\u00fade, firmou parceria com a ONG Olhar Pelo Pr\u00f3ximo e estar\u00e1 ofertando, gratuitamente atendimento oftalmol\u00f3gico a popula\u00e7\u00e3o.<\/p>\n<p>A a\u00e7\u00e3o \u00e9 uma parceria com a associa\u00e7\u00e3o criada no estado de Goi\u00e1s, com o intuito de atender a popula\u00e7\u00e3o carente na \u00e1rea de oftalmologia.<\/p>\n<p>A ideia \u00e9 atingir o maior n\u00famero de habitantes por m\u00e9dico oftalmologista nas regi\u00f5es brasileiras e assim contribuir para a redu\u00e7\u00e3o dos \u00edndices de problemas de sa\u00fade visuais. Nos pr\u00f3ximos dias ser\u00e3o disponibilizadas as datas dos atendimentos.<\/p>\n<p>No munic\u00edpio est\u00e1 previsto atendimento de cerca de 300 pessoas servi\u00e7os ofertados:<\/p>\n<p>\u2013 Refra\u00e7\u00e3o completa ou medida de grau;<\/p>\n<p>\u2013 Exames dos movimentos oculares;<\/p>\n<p>\u2013 Exames da parte anterior dos olhos;<\/p>\n<p>\u2013 Exames de fundo de olho;<\/p>\n<p>\u2013 Press\u00e3o intra-ocular;<\/p>\n<p>-Teste do Olhinho e<\/p>\n<p>\u2013 Consulta oftalmol\u00f3gica<\/p>\n<p>&nbsp;<\/p>\n<p>Ascom\/SSU<\/p>\n","protected":false},"excerpt":{"rendered":"<p>A Prefeitura Municipal de S\u00e3o Sebasti\u00e3o do Umbuzeiro,\u00a0\u00a0atrav\u00e9s da Secretaria Municipal de Sa\u00fade, firmou parceria com a ONG Olhar Pelo Pr\u00f3ximo e estar\u00e1 ofertando, gratuitamente&hellip; <\/p>\n","protected":false},"author":1,"featured_media":22472,"comment_status":"closed","ping_status":"closed","sticky":false,"template":"","format":"standard","meta":{"sfsi_plus_gutenberg_text_before_share":"","sfsi_plus_gutenberg_show_text_before_share":"","sfsi_plus_gutenberg_icon_type":"","sfsi_plus_gutenberg_icon_alignemt":"","sfsi_plus_gutenburg_max_per_row":"","footnotes":""},"categories":[6],"tags":[],"class_list":["post-74269","post","type-post","status-publish","format-standard","has-post-thumbnail","hentry","category-cidades"],"_links":{"self":[{"href":"https:\/\/www.caririemacao.com\/1\/wp-json\/wp\/v2\/posts\/74269","targetHints":{"allow":["GET"]}}],"collection":[{"href":"https:\/\/www.caririemacao.com\/1\/wp-json\/wp\/v2\/posts"}],"about":[{"href":"https:\/\/www.caririemacao.com\/1\/wp-json\/wp\/v2\/types\/post"}],"author":[{"embeddable":true,"href":"https:\/\/www.caririemacao.com\/1\/wp-json\/wp\/v2\/users\/1"}],"replies":[{"embeddable":true,"href":"https:\/\/www.caririemacao.com\/1\/wp-json\/wp\/v2\/comments?post=74269"}],"version-history":[{"count":1,"href":"https:\/\/www.caririemacao.com\/1\/wp-json\/wp\/v2\/posts\/74269\/revisions"}],"predecessor-version":[{"id":74274,"href":"https:\/\/www.caririemacao.com\/1\/wp-json\/wp\/v2\/posts\/74269\/revisions\/74274"}],"wp:featuredmedia":[{"embeddable":true,"href":"https:\/\/www.caririemacao.com\/1\/wp-json\/wp\/v2\/media\/22472"}],"wp:attachment":[{"href":"https:\/\/www.caririemacao.com\/1\/wp-json\/wp\/v2\/media?parent=74269"}],"wp:term":[{"taxonomy":"category","embeddable":true,"href":"https:\/\/www.caririemacao.com\/1\/wp-json\/wp\/v2\/categories?post=74269"},{"taxonomy":"post_tag","embeddable":true,"href":"https:\/\/www.caririemacao.com\/1\/wp-json\/wp\/v2\/tags?post=74269"}],"curies":[{"name":"wp","href":"https:\/\/api.w.org\/{rel}","templated":true}]}}