{"id":74286,"date":"2018-11-25T10:24:00","date_gmt":"2018-11-25T13:24:00","guid":{"rendered":"http:\/\/www.caririemacao.com\/1\/?p=74286"},"modified":"2018-11-25T10:24:00","modified_gmt":"2018-11-25T13:24:00","slug":"inss-paga-segunda-parcela-do-13o-salario-na-proxima-segunda","status":"publish","type":"post","link":"https:\/\/www.caririemacao.com\/1\/2018\/11\/25\/inss-paga-segunda-parcela-do-13o-salario-na-proxima-segunda\/","title":{"rendered":"INSS paga segunda parcela do 13\u00ba sal\u00e1rio na pr\u00f3xima segunda"},"content":{"rendered":"<p>Aposentados e pensionistas do Instituto Nacional do Seguro Social (INSS) v\u00e3o receber a segunda parcela do 13\u00ba sal\u00e1rio a partir da pr\u00f3xima segunda-feira (26). A primeira foi paga com antecipa\u00e7\u00e3o, entre o dia 27 de agosto e 10 de setembro.<\/p>\n<p>O dep\u00f3sito do abono de Natal, de acordo com informa\u00e7\u00f5es da Folha de S. Paulo, segue o calend\u00e1rio de pagamento dos benef\u00edcios e vai at\u00e9 o dia 7 de dezembro.<\/p>\n<p>Tem direito ao 13\u00ba quem, durante o ano, recebeu benef\u00edcio previdenci\u00e1rio de aposentadoria, pens\u00e3o por morte, aux\u00edlio-doen\u00e7a, aux\u00edlio-acidente, aux\u00edlio-reclus\u00e3o ou sal\u00e1rio-maternidade. Aqueles que recebem benef\u00edcios assistenciais, como Benef\u00edcio de Presta\u00e7\u00e3o Continuada e Renda Mensal Vital\u00edcia, n\u00e3o t\u00eam direito ao abono anual.<\/p>\n<p>Na primeira parcela, quem j\u00e1 era aposentado ou pensionista em janeiro deste ano recebeu exatamente metade do valor de seu benef\u00edcio. Portanto, o valor final do pagamento feito a partir deste m\u00eas ser\u00e1 o benef\u00edcio menos o Imposto de Renda, se houver, e o que j\u00e1 foi pago pelo INSS na primeira parcela.<\/p>\n<p>&nbsp;<\/p>\n<p>Ag\u00eancia Brasil<\/p>\n","protected":false},"excerpt":{"rendered":"<p>Aposentados e pensionistas do Instituto Nacional do Seguro Social (INSS) v\u00e3o receber a segunda parcela do 13\u00ba sal\u00e1rio a partir da pr\u00f3xima segunda-feira (26). A&hellip; <\/p>\n","protected":false},"author":1,"featured_media":34917,"comment_status":"closed","ping_status":"closed","sticky":false,"template":"","format":"standard","meta":{"sfsi_plus_gutenberg_text_before_share":"","sfsi_plus_gutenberg_show_text_before_share":"","sfsi_plus_gutenberg_icon_type":"","sfsi_plus_gutenberg_icon_alignemt":"","sfsi_plus_gutenburg_max_per_row":"","footnotes":""},"categories":[2],"tags":[],"class_list":["post-74286","post","type-post","status-publish","format-standard","has-post-thumbnail","hentry","category-geral"],"_links":{"self":[{"href":"https:\/\/www.caririemacao.com\/1\/wp-json\/wp\/v2\/posts\/74286","targetHints":{"allow":["GET"]}}],"collection":[{"href":"https:\/\/www.caririemacao.com\/1\/wp-json\/wp\/v2\/posts"}],"about":[{"href":"https:\/\/www.caririemacao.com\/1\/wp-json\/wp\/v2\/types\/post"}],"author":[{"embeddable":true,"href":"https:\/\/www.caririemacao.com\/1\/wp-json\/wp\/v2\/users\/1"}],"replies":[{"embeddable":true,"href":"https:\/\/www.caririemacao.com\/1\/wp-json\/wp\/v2\/comments?post=74286"}],"version-history":[{"count":1,"href":"https:\/\/www.caririemacao.com\/1\/wp-json\/wp\/v2\/posts\/74286\/revisions"}],"predecessor-version":[{"id":74287,"href":"https:\/\/www.caririemacao.com\/1\/wp-json\/wp\/v2\/posts\/74286\/revisions\/74287"}],"wp:featuredmedia":[{"embeddable":true,"href":"https:\/\/www.caririemacao.com\/1\/wp-json\/wp\/v2\/media\/34917"}],"wp:attachment":[{"href":"https:\/\/www.caririemacao.com\/1\/wp-json\/wp\/v2\/media?parent=74286"}],"wp:term":[{"taxonomy":"category","embeddable":true,"href":"https:\/\/www.caririemacao.com\/1\/wp-json\/wp\/v2\/categories?post=74286"},{"taxonomy":"post_tag","embeddable":true,"href":"https:\/\/www.caririemacao.com\/1\/wp-json\/wp\/v2\/tags?post=74286"}],"curies":[{"name":"wp","href":"https:\/\/api.w.org\/{rel}","templated":true}]}}