{"id":74296,"date":"2018-11-25T10:45:04","date_gmt":"2018-11-25T13:45:04","guid":{"rendered":"http:\/\/www.caririemacao.com\/1\/?p=74296"},"modified":"2018-11-25T10:45:04","modified_gmt":"2018-11-25T13:45:04","slug":"presidente-bolsonaro-peita-os-caciques-da-camara-federal","status":"publish","type":"post","link":"https:\/\/www.caririemacao.com\/1\/2018\/11\/25\/presidente-bolsonaro-peita-os-caciques-da-camara-federal\/","title":{"rendered":"Presidente Bolsonaro \u00b4peita\u00b4 os caciques da C\u00e2mara Federal"},"content":{"rendered":"<p>Acostumados a indicar nomes para o primeiro escal\u00e3o, \u201ccaciques\u201d dos partidos do Centr\u00e3o \u2013 DEM, PP, PR, PRB e Solidariedade \u2013 est\u00e3o sendo alijados das conversas para a composi\u00e7\u00e3o do governo Bolsonaro, conforme prometeu em campanha o presidente eleito, destaca neste domingo o jornal O Globo.<\/p>\n<p>As tratativas s\u00e3o feitas diretamente com deputados e frentes parlamentares, desprezando o chamado \u201cpresidencialismo de coaliza\u00e7\u00e3o\u201d, no qual o loteamento de cargos garante apoio no Congresso.<\/p>\n<p>O caso mais recente foi a sondagem a Celso Russomanno (PRB-SP), chamado para uma pasta que reuniria Esporte, Turismo e Cultura, sem o conhecimento do presidente de seu partido, Marcos Pereira.<\/p>\n<p>A indica\u00e7\u00e3o dos ministros do DEM, Onyx Lorenzoni, Luiz Henrique Mandetta e Tereza Cristina, tamb\u00e9m causou ru\u00eddo na legenda, que resiste a integrar o governo.<\/p>\n<p>O \u201cmodus operandi\u201d amea\u00e7a a lua de mel do presidente eleito com o Congresso, ainda conforme o jornal.<\/p>\n<p>&nbsp;<\/p>\n<p>O Globo<\/p>\n","protected":false},"excerpt":{"rendered":"<p>Acostumados a indicar nomes para o primeiro escal\u00e3o, \u201ccaciques\u201d dos partidos do Centr\u00e3o \u2013 DEM, PP, PR, PRB e Solidariedade \u2013 est\u00e3o sendo alijados das&hellip; <\/p>\n","protected":false},"author":1,"featured_media":71766,"comment_status":"closed","ping_status":"closed","sticky":false,"template":"","format":"standard","meta":{"sfsi_plus_gutenberg_text_before_share":"","sfsi_plus_gutenberg_show_text_before_share":"","sfsi_plus_gutenberg_icon_type":"","sfsi_plus_gutenberg_icon_alignemt":"","sfsi_plus_gutenburg_max_per_row":"","footnotes":""},"categories":[11],"tags":[],"class_list":["post-74296","post","type-post","status-publish","format-standard","has-post-thumbnail","hentry","category-politica"],"_links":{"self":[{"href":"https:\/\/www.caririemacao.com\/1\/wp-json\/wp\/v2\/posts\/74296","targetHints":{"allow":["GET"]}}],"collection":[{"href":"https:\/\/www.caririemacao.com\/1\/wp-json\/wp\/v2\/posts"}],"about":[{"href":"https:\/\/www.caririemacao.com\/1\/wp-json\/wp\/v2\/types\/post"}],"author":[{"embeddable":true,"href":"https:\/\/www.caririemacao.com\/1\/wp-json\/wp\/v2\/users\/1"}],"replies":[{"embeddable":true,"href":"https:\/\/www.caririemacao.com\/1\/wp-json\/wp\/v2\/comments?post=74296"}],"version-history":[{"count":1,"href":"https:\/\/www.caririemacao.com\/1\/wp-json\/wp\/v2\/posts\/74296\/revisions"}],"predecessor-version":[{"id":74307,"href":"https:\/\/www.caririemacao.com\/1\/wp-json\/wp\/v2\/posts\/74296\/revisions\/74307"}],"wp:featuredmedia":[{"embeddable":true,"href":"https:\/\/www.caririemacao.com\/1\/wp-json\/wp\/v2\/media\/71766"}],"wp:attachment":[{"href":"https:\/\/www.caririemacao.com\/1\/wp-json\/wp\/v2\/media?parent=74296"}],"wp:term":[{"taxonomy":"category","embeddable":true,"href":"https:\/\/www.caririemacao.com\/1\/wp-json\/wp\/v2\/categories?post=74296"},{"taxonomy":"post_tag","embeddable":true,"href":"https:\/\/www.caririemacao.com\/1\/wp-json\/wp\/v2\/tags?post=74296"}],"curies":[{"name":"wp","href":"https:\/\/api.w.org\/{rel}","templated":true}]}}