{"id":74308,"date":"2018-11-25T10:49:56","date_gmt":"2018-11-25T13:49:56","guid":{"rendered":"http:\/\/www.caririemacao.com\/1\/?p=74308"},"modified":"2018-11-25T10:49:56","modified_gmt":"2018-11-25T13:49:56","slug":"cassio-cunha-lima-e-cotado-para-presidencia-nacional-do-psdb-diz-estadao","status":"publish","type":"post","link":"https:\/\/www.caririemacao.com\/1\/2018\/11\/25\/cassio-cunha-lima-e-cotado-para-presidencia-nacional-do-psdb-diz-estadao\/","title":{"rendered":"C\u00e1ssio Cunha Lima \u00e9 cotado para presid\u00eancia nacional do PSDB, diz Estad\u00e3o"},"content":{"rendered":"<p>O nome do senador paraibano C\u00e1ssio Cunha Lima est\u00e1 sendo defendido para a presid\u00eancia do PSDB a partir de maio do pr\u00f3ximo ano. Segundo a edi\u00e7\u00e3o deste s\u00e1bado (24) da coluna do Estad\u00e3o, a defesa do tucano est\u00e1 sendo feita pelos \u201ccabe\u00e7as-brancas\u201d do diret\u00f3rio.<\/p>\n<p>Como o tucano n\u00e3o conseguiu a reelei\u00e7\u00e3o para o cargo de senador, ficar\u00e1 sem mandato partid\u00e1rio e segue como nome forte na disputa. Geraldo Alckmin ocupa o posto de presidente do partido at\u00e9 o m\u00eas de maio de 2019.<\/p>\n<p>Ainda de acordo com a coluna, o movimento tenta frear o avan\u00e7o de Jo\u00e3o Doria, que faz campanha para Bruno Ara\u00fajo (PE).<\/p>\n","protected":false},"excerpt":{"rendered":"<p>O nome do senador paraibano C\u00e1ssio Cunha Lima est\u00e1 sendo defendido para a presid\u00eancia do PSDB a partir de maio do pr\u00f3ximo ano. Segundo a&hellip; <\/p>\n","protected":false},"author":1,"featured_media":56979,"comment_status":"closed","ping_status":"closed","sticky":false,"template":"","format":"standard","meta":{"sfsi_plus_gutenberg_text_before_share":"","sfsi_plus_gutenberg_show_text_before_share":"","sfsi_plus_gutenberg_icon_type":"","sfsi_plus_gutenberg_icon_alignemt":"","sfsi_plus_gutenburg_max_per_row":"","footnotes":""},"categories":[11],"tags":[],"class_list":["post-74308","post","type-post","status-publish","format-standard","has-post-thumbnail","hentry","category-politica"],"_links":{"self":[{"href":"https:\/\/www.caririemacao.com\/1\/wp-json\/wp\/v2\/posts\/74308","targetHints":{"allow":["GET"]}}],"collection":[{"href":"https:\/\/www.caririemacao.com\/1\/wp-json\/wp\/v2\/posts"}],"about":[{"href":"https:\/\/www.caririemacao.com\/1\/wp-json\/wp\/v2\/types\/post"}],"author":[{"embeddable":true,"href":"https:\/\/www.caririemacao.com\/1\/wp-json\/wp\/v2\/users\/1"}],"replies":[{"embeddable":true,"href":"https:\/\/www.caririemacao.com\/1\/wp-json\/wp\/v2\/comments?post=74308"}],"version-history":[{"count":1,"href":"https:\/\/www.caririemacao.com\/1\/wp-json\/wp\/v2\/posts\/74308\/revisions"}],"predecessor-version":[{"id":74309,"href":"https:\/\/www.caririemacao.com\/1\/wp-json\/wp\/v2\/posts\/74308\/revisions\/74309"}],"wp:featuredmedia":[{"embeddable":true,"href":"https:\/\/www.caririemacao.com\/1\/wp-json\/wp\/v2\/media\/56979"}],"wp:attachment":[{"href":"https:\/\/www.caririemacao.com\/1\/wp-json\/wp\/v2\/media?parent=74308"}],"wp:term":[{"taxonomy":"category","embeddable":true,"href":"https:\/\/www.caririemacao.com\/1\/wp-json\/wp\/v2\/categories?post=74308"},{"taxonomy":"post_tag","embeddable":true,"href":"https:\/\/www.caririemacao.com\/1\/wp-json\/wp\/v2\/tags?post=74308"}],"curies":[{"name":"wp","href":"https:\/\/api.w.org\/{rel}","templated":true}]}}