{"id":74310,"date":"2018-11-25T10:55:42","date_gmt":"2018-11-25T13:55:42","guid":{"rendered":"http:\/\/www.caririemacao.com\/1\/?p=74310"},"modified":"2018-11-25T10:56:50","modified_gmt":"2018-11-25T13:56:50","slug":"intolerancia-jovem-acusado-de-roubar-bicicleta-e-amarrado-e-espancado-ate-a-morte","status":"publish","type":"post","link":"https:\/\/www.caririemacao.com\/1\/2018\/11\/25\/intolerancia-jovem-acusado-de-roubar-bicicleta-e-amarrado-e-espancado-ate-a-morte\/","title":{"rendered":"INTOLER\u00c2NCIA: Jovem acusado de roubar bicicleta \u00e9 amarrado e espancado at\u00e9 a morte"},"content":{"rendered":"<p><img fetchpriority=\"high\" decoding=\"async\" class=\"alignnone size-medium wp-image-74311\" src=\"http:\/\/www.caririemacao.com\/1\/wp-content\/uploads\/2018\/11\/1543146712400-presos-300x168.jpg\" alt=\"\" width=\"300\" height=\"168\" srcset=\"https:\/\/www.caririemacao.com\/1\/wp-content\/uploads\/2018\/11\/1543146712400-presos-300x168.jpg 300w, https:\/\/www.caririemacao.com\/1\/wp-content\/uploads\/2018\/11\/1543146712400-presos.jpg 676w\" sizes=\"(max-width: 300px) 100vw, 300px\" \/><\/p>\n<p>O homic\u00eddio aconteceu na cidade de Sap\u00e9, na Zona da Mata paraibana. Denilson Martiniano da Silva, de 21 anos, conhecido como \u201cGuri\u201d foi morto por supostamente ter roubado uma bicicleta.<\/p>\n<p>De acordo com informa\u00e7\u00f5es, o dono da bicicleta, um adolescente de 16 anos, teria recuperado a bicicleta roubada e junto com outros indiv\u00edduos, amarrado em uma \u00e1rvore e espancado Guri at\u00e9 a morte.<\/p>\n<p>Os acusados foram detidos porque filmaram o espancamento do jovem e a pol\u00edcia conseguiu identific\u00e1-los.<\/p>\n<p>Foram detidos, o adolescente de 16 anos e outro de 17 e presos: Bruno Soares da Silva de 24 anos, Abdias Nascimento dos Santos de 22 anos e Jadson do Nascimento Oliveira, o Ja\u00fa, de 30 anos, o ex-presidi\u00e1rio, apontado como l\u00edder do tr\u00e1fico na localidade, conhecido como \u201cCiano\u201d \u00e9 considerado foragido da Justi\u00e7a.<\/p>\n<p><br clear=\"all\" \/>Paraiba.com<\/p>\n","protected":false},"excerpt":{"rendered":"<p>O homic\u00eddio aconteceu na cidade de Sap\u00e9, na Zona da Mata paraibana. Denilson Martiniano da Silva, de 21 anos, conhecido como \u201cGuri\u201d foi morto por&hellip; <\/p>\n","protected":false},"author":1,"featured_media":18430,"comment_status":"closed","ping_status":"closed","sticky":false,"template":"","format":"standard","meta":{"sfsi_plus_gutenberg_text_before_share":"","sfsi_plus_gutenberg_show_text_before_share":"","sfsi_plus_gutenberg_icon_type":"","sfsi_plus_gutenberg_icon_alignemt":"","sfsi_plus_gutenburg_max_per_row":"","footnotes":""},"categories":[12],"tags":[],"class_list":["post-74310","post","type-post","status-publish","format-standard","has-post-thumbnail","hentry","category-policia"],"_links":{"self":[{"href":"https:\/\/www.caririemacao.com\/1\/wp-json\/wp\/v2\/posts\/74310","targetHints":{"allow":["GET"]}}],"collection":[{"href":"https:\/\/www.caririemacao.com\/1\/wp-json\/wp\/v2\/posts"}],"about":[{"href":"https:\/\/www.caririemacao.com\/1\/wp-json\/wp\/v2\/types\/post"}],"author":[{"embeddable":true,"href":"https:\/\/www.caririemacao.com\/1\/wp-json\/wp\/v2\/users\/1"}],"replies":[{"embeddable":true,"href":"https:\/\/www.caririemacao.com\/1\/wp-json\/wp\/v2\/comments?post=74310"}],"version-history":[{"count":2,"href":"https:\/\/www.caririemacao.com\/1\/wp-json\/wp\/v2\/posts\/74310\/revisions"}],"predecessor-version":[{"id":74313,"href":"https:\/\/www.caririemacao.com\/1\/wp-json\/wp\/v2\/posts\/74310\/revisions\/74313"}],"wp:featuredmedia":[{"embeddable":true,"href":"https:\/\/www.caririemacao.com\/1\/wp-json\/wp\/v2\/media\/18430"}],"wp:attachment":[{"href":"https:\/\/www.caririemacao.com\/1\/wp-json\/wp\/v2\/media?parent=74310"}],"wp:term":[{"taxonomy":"category","embeddable":true,"href":"https:\/\/www.caririemacao.com\/1\/wp-json\/wp\/v2\/categories?post=74310"},{"taxonomy":"post_tag","embeddable":true,"href":"https:\/\/www.caririemacao.com\/1\/wp-json\/wp\/v2\/tags?post=74310"}],"curies":[{"name":"wp","href":"https:\/\/api.w.org\/{rel}","templated":true}]}}