{"id":74329,"date":"2018-11-25T14:49:20","date_gmt":"2018-11-25T17:49:20","guid":{"rendered":"http:\/\/www.caririemacao.com\/1\/?p=74329"},"modified":"2018-11-25T14:49:20","modified_gmt":"2018-11-25T17:49:20","slug":"fieis-pagam-promessas-e-mostram-devocao-a-maria-na-255a-romaria-da-penha","status":"publish","type":"post","link":"https:\/\/www.caririemacao.com\/1\/2018\/11\/25\/fieis-pagam-promessas-e-mostram-devocao-a-maria-na-255a-romaria-da-penha\/","title":{"rendered":"Fieis pagam promessas e mostram devo\u00e7\u00e3o a Maria na 255\u00aa Romaria da Penha"},"content":{"rendered":"<div>\n<p>De todas as formas e dos mais variados destinos. Antes das 7 da noite, fieis de todas as partes do estado chegavam para mais uma Romaria da Penha. A cobertura completa voc\u00ea acompanha na TV Arapuan, com o programa Tribuna Livre a partir das 6h desta segunda-feira (25).<\/p>\n<p>O agricultor Genil Domingos, de Mata da Chica, no Conde, veio com um grupo de amigos do ter\u00e7o dos homens. A aposentada Dona Preta mora em Salvador, Capital da Bahia. Ela foi convidada pelas irm\u00e3s a participar de um camarote improvisado para assistir \u00e0 manifesta\u00e7\u00e3o de f\u00e9 do povo cat\u00f3lico paraibano.<\/p>\n<\/div>\n<div>Antes de dar in\u00edcio ao trajeto, uma missa foi celebrada na igreja de Lourdes. O espa\u00e7o ficou pequeno para a quantidade de fieis. Enquanto n\u00e3o come\u00e7ava, vendedores ambulantes aproveitavam e vendiam de tudo um pouco. Este grupo de jovens vendia \u00e1gua mineral. Todo lucro arrecadado ser\u00e1 destinado \u00e0 comunidade cat\u00f3lica de Jo\u00e3o Pessoa que eles congregam.<\/div>\n<div><\/div>\n<div>Seu Jos\u00e9 Gerilson trabalha como ascensorista, mas durante a romaria aproveita para fazer uma renda extra vendendo objetos religiosos.<\/div>\n<div><\/div>\n<div>Os pagadores de promessas chamam a aten\u00e7\u00e3o. Para agradecer a gra\u00e7a alcan\u00e7ada, todo sacrif\u00edcio \u00e9 v\u00e1lido. No meio da multid\u00e3o \u00e9 f\u00e1cil se deparar com fies de p\u00e9s descal\u00e7os ou carregando objetos na cabe\u00e7a. Para eles, a f\u00e9 \u00e9 o mais importante.<\/div>\n<div><\/div>\n<div>O aposentado Severino Paulo, do Bairro de Cruz das Armas, estava agradecendo a conquista da casa pr\u00f3pria. J\u00e1 o casal da cidade de Bayeux, foi agradecer o nascimento da sobrinha e por terem recuperado o ve\u00edculo deles que tinha sido roubado. Para agradecer a sa\u00fade que tem, seu Jos\u00e9 Ferreira n\u00e3o mede esfor\u00e7os. Ele sai de Bayeux e vai at\u00e9 a Igreja de Nossa Senhora de Lourdes, carregando o andor da padroeira da comunidade que mora.<\/div>\n<div><\/div>\n<div>Para agilizar o percurso e amenizar o cansa\u00e7o dos romeiros, este ano, a romaria n\u00e3o contou com as tradicionais paradas.<\/div>\n<div><\/div>\n<div>No segundo ano \u00e0 frente do evento, o arcebispo da Para\u00edba, Dom Manoel Delson, falou sobre a Romaria da Penha deste ano e deixou a mensagem dele para os romeiros.<\/div>\n<div><\/div>\n<div>Ap\u00f3s os primeiros quil\u00f4metros do trajeto, a Santinha da Pedro II \u00e9 parada obrigat\u00f3ria para muitos fi\u00e9is. Aqui, eles rezam, deixam lembran\u00e7as e agradecem pelas gra\u00e7as alcan\u00e7adas.<\/div>\n<div><\/div>\n<div>\u201cA romaria da Penha acontece h\u00e1 255 anos e cresce a cada edi\u00e7\u00e3o. Isso a torna o maior evento religioso da Para\u00edba e o segundo maior do Brasil. S\u00f3 perde para o C\u00edrio de Nazar\u00e9, em Bel\u00e9m.\u201d<\/div>\n","protected":false},"excerpt":{"rendered":"<p>De todas as formas e dos mais variados destinos. Antes das 7 da noite, fieis de todas as partes do estado chegavam para mais uma&hellip; <\/p>\n","protected":false},"author":1,"featured_media":74330,"comment_status":"closed","ping_status":"closed","sticky":false,"template":"","format":"standard","meta":{"sfsi_plus_gutenberg_text_before_share":"","sfsi_plus_gutenberg_show_text_before_share":"","sfsi_plus_gutenberg_icon_type":"","sfsi_plus_gutenberg_icon_alignemt":"","sfsi_plus_gutenburg_max_per_row":"","footnotes":""},"categories":[2],"tags":[],"class_list":["post-74329","post","type-post","status-publish","format-standard","has-post-thumbnail","hentry","category-geral"],"_links":{"self":[{"href":"https:\/\/www.caririemacao.com\/1\/wp-json\/wp\/v2\/posts\/74329","targetHints":{"allow":["GET"]}}],"collection":[{"href":"https:\/\/www.caririemacao.com\/1\/wp-json\/wp\/v2\/posts"}],"about":[{"href":"https:\/\/www.caririemacao.com\/1\/wp-json\/wp\/v2\/types\/post"}],"author":[{"embeddable":true,"href":"https:\/\/www.caririemacao.com\/1\/wp-json\/wp\/v2\/users\/1"}],"replies":[{"embeddable":true,"href":"https:\/\/www.caririemacao.com\/1\/wp-json\/wp\/v2\/comments?post=74329"}],"version-history":[{"count":1,"href":"https:\/\/www.caririemacao.com\/1\/wp-json\/wp\/v2\/posts\/74329\/revisions"}],"predecessor-version":[{"id":74331,"href":"https:\/\/www.caririemacao.com\/1\/wp-json\/wp\/v2\/posts\/74329\/revisions\/74331"}],"wp:featuredmedia":[{"embeddable":true,"href":"https:\/\/www.caririemacao.com\/1\/wp-json\/wp\/v2\/media\/74330"}],"wp:attachment":[{"href":"https:\/\/www.caririemacao.com\/1\/wp-json\/wp\/v2\/media?parent=74329"}],"wp:term":[{"taxonomy":"category","embeddable":true,"href":"https:\/\/www.caririemacao.com\/1\/wp-json\/wp\/v2\/categories?post=74329"},{"taxonomy":"post_tag","embeddable":true,"href":"https:\/\/www.caririemacao.com\/1\/wp-json\/wp\/v2\/tags?post=74329"}],"curies":[{"name":"wp","href":"https:\/\/api.w.org\/{rel}","templated":true}]}}