{"id":74332,"date":"2018-11-25T15:13:34","date_gmt":"2018-11-25T18:13:34","guid":{"rendered":"http:\/\/www.caririemacao.com\/1\/?p=74332"},"modified":"2018-11-25T15:13:34","modified_gmt":"2018-11-25T18:13:34","slug":"bolsonaro-fala-sobre-sua-cirurgia-ministerio-da-educacao-e-bolsa-familia-durante-coletiva-veja-video","status":"publish","type":"post","link":"https:\/\/www.caririemacao.com\/1\/2018\/11\/25\/bolsonaro-fala-sobre-sua-cirurgia-ministerio-da-educacao-e-bolsa-familia-durante-coletiva-veja-video\/","title":{"rendered":"Bolsonaro fala sobre sua cirurgia, Minist\u00e9rio da Educa\u00e7\u00e3o e Bolsa Fam\u00edlia durante coletiva \u2013 VEJA V\u00cdDEO"},"content":{"rendered":"<p>O presidente eleito Jair Bolsonaro publicou um v\u00eddeo em sua conta no Twitter neste domingo (25), da entrevista coletiva que concedeu ontem na Vila Militar, durante cerim\u00f4nia do anivers\u00e1rio de 73 anos da brigada da Infantaria de Paraquedista.<\/p>\n<p>Ao comentar sobre como administrar\u00e1 o Brasil, ele falou sobre o adiamento de sua cirurgia, sobre a escolha de Ricardo V\u00e9lez Rodr\u00edguez para o Minist\u00e9rio da Educa\u00e7\u00e3o e tamb\u00e9m tratou sobre o Bolsa Fam\u00edlia.<\/p>\n<p><strong>Assista na \u00edntegra:\u00a0<\/strong><\/p>\n<div class=\"embed-responsive embed-responsive-16by9\"><iframe data-src=\"https:\/\/www.youtube.com\/embed\/EBPbwY8W_AM\" width=\"560\" height=\"315\" frameborder=\"0\" allowfullscreen=\"allowfullscreen\" data-mce-fragment=\"1\" src=\"data:image\/svg+xml;base64,PHN2ZyB3aWR0aD0iMSIgaGVpZ2h0PSIxIiB4bWxucz0iaHR0cDovL3d3dy53My5vcmcvMjAwMC9zdmciPjwvc3ZnPg==\" class=\"lazyload\" data-load-mode=\"1\"><\/iframe><\/div>\n<div><\/div>\n","protected":false},"excerpt":{"rendered":"<p>O presidente eleito Jair Bolsonaro publicou um v\u00eddeo em sua conta no Twitter neste domingo (25), da entrevista coletiva que concedeu ontem na Vila Militar,&hellip; <\/p>\n","protected":false},"author":1,"featured_media":72861,"comment_status":"closed","ping_status":"closed","sticky":false,"template":"","format":"standard","meta":{"sfsi_plus_gutenberg_text_before_share":"","sfsi_plus_gutenberg_show_text_before_share":"","sfsi_plus_gutenberg_icon_type":"","sfsi_plus_gutenberg_icon_alignemt":"","sfsi_plus_gutenburg_max_per_row":"","footnotes":""},"categories":[50,11],"tags":[],"class_list":["post-74332","post","type-post","status-publish","format-standard","has-post-thumbnail","hentry","category-destaque","category-politica"],"_links":{"self":[{"href":"https:\/\/www.caririemacao.com\/1\/wp-json\/wp\/v2\/posts\/74332","targetHints":{"allow":["GET"]}}],"collection":[{"href":"https:\/\/www.caririemacao.com\/1\/wp-json\/wp\/v2\/posts"}],"about":[{"href":"https:\/\/www.caririemacao.com\/1\/wp-json\/wp\/v2\/types\/post"}],"author":[{"embeddable":true,"href":"https:\/\/www.caririemacao.com\/1\/wp-json\/wp\/v2\/users\/1"}],"replies":[{"embeddable":true,"href":"https:\/\/www.caririemacao.com\/1\/wp-json\/wp\/v2\/comments?post=74332"}],"version-history":[{"count":1,"href":"https:\/\/www.caririemacao.com\/1\/wp-json\/wp\/v2\/posts\/74332\/revisions"}],"predecessor-version":[{"id":74333,"href":"https:\/\/www.caririemacao.com\/1\/wp-json\/wp\/v2\/posts\/74332\/revisions\/74333"}],"wp:featuredmedia":[{"embeddable":true,"href":"https:\/\/www.caririemacao.com\/1\/wp-json\/wp\/v2\/media\/72861"}],"wp:attachment":[{"href":"https:\/\/www.caririemacao.com\/1\/wp-json\/wp\/v2\/media?parent=74332"}],"wp:term":[{"taxonomy":"category","embeddable":true,"href":"https:\/\/www.caririemacao.com\/1\/wp-json\/wp\/v2\/categories?post=74332"},{"taxonomy":"post_tag","embeddable":true,"href":"https:\/\/www.caririemacao.com\/1\/wp-json\/wp\/v2\/tags?post=74332"}],"curies":[{"name":"wp","href":"https:\/\/api.w.org\/{rel}","templated":true}]}}