{"id":74334,"date":"2018-11-25T15:22:26","date_gmt":"2018-11-25T18:22:26","guid":{"rendered":"http:\/\/www.caririemacao.com\/1\/?p=74334"},"modified":"2018-11-25T15:22:26","modified_gmt":"2018-11-25T18:22:26","slug":"paraibanos-podem-regularizar-debitos-de-icms-com-descontos-de-ate-90","status":"publish","type":"post","link":"https:\/\/www.caririemacao.com\/1\/2018\/11\/25\/paraibanos-podem-regularizar-debitos-de-icms-com-descontos-de-ate-90\/","title":{"rendered":"Paraibanos podem regularizar d\u00e9bitos de ICMS com descontos de at\u00e9 90%"},"content":{"rendered":"<p><img fetchpriority=\"high\" decoding=\"async\" class=\"wp-image-186052 size-full aligncenter\" src=\"https:\/\/i0.wp.com\/www.blogdogordinho.com.br\/site\/wp-content\/uploads\/2018\/11\/medida-provisoria-273.jpg?zoom=0.9024999886751175&amp;resize=652%2C315\" sizes=\"(max-width: 1000px) 100vw, 1000px\" srcset=\"https:\/\/i0.wp.com\/www.blogdogordinho.com.br\/site\/wp-content\/uploads\/2018\/11\/medida-provisoria-273.jpg?zoom=0.9024999886751175&amp;resize=652%2C315\" alt=\"\" width=\"652\" height=\"315\" data-attachment-id=\"186052\" data-permalink=\"http:\/\/www.blogdogordinho.com.br\/paraibanos-podem-regularizar-debitos-de-icms-com-descontos-de-ate-90\/medida-provisoria-273\/\" data-orig-file=\"https:\/\/i0.wp.com\/www.blogdogordinho.com.br\/site\/wp-content\/uploads\/2018\/11\/medida-provisoria-273.jpg?fit=1000%2C483\" data-orig-size=\"1000,483\" data-comments-opened=\"1\" data-image-meta=\"{&quot;aperture&quot;:&quot;0&quot;,&quot;credit&quot;:&quot;&quot;,&quot;camera&quot;:&quot;&quot;,&quot;caption&quot;:&quot;&quot;,&quot;created_timestamp&quot;:&quot;0&quot;,&quot;copyright&quot;:&quot;&quot;,&quot;focal_length&quot;:&quot;0&quot;,&quot;iso&quot;:&quot;0&quot;,&quot;shutter_speed&quot;:&quot;0&quot;,&quot;title&quot;:&quot;&quot;,&quot;orientation&quot;:&quot;0&quot;}\" data-image-title=\"medida-provisoria-273\" data-image-description=\"\" data-medium-file=\"https:\/\/i0.wp.com\/www.blogdogordinho.com.br\/site\/wp-content\/uploads\/2018\/11\/medida-provisoria-273.jpg?fit=300%2C145\" data-large-file=\"https:\/\/i0.wp.com\/www.blogdogordinho.com.br\/site\/wp-content\/uploads\/2018\/11\/medida-provisoria-273.jpg?fit=1000%2C483\" \/><\/p>\n<div class=\"mc-column content-text active-extra-styles active-capital-letter\" data-block-type=\"unstyled\" data-block-weight=\"64\" data-block-id=\"2\">\n<p class=\"content-text__container theme-color-primary-first-letter\" data-track-category=\"Link no Texto\" data-track-links=\"\">Os paraibanos que estejam irregulares quanto ao pagamento de Imposto sobre Circula\u00e7\u00e3o de Mercadorias e Servi\u00e7os (ICMS) podem regularizar a situa\u00e7\u00e3o com descontos de at\u00e9 90%, de acordo com uma Medida Provis\u00f3ria publicada na edi\u00e7\u00e3o de sexta-feira (23), no Di\u00e1rio Oficial do Estado (DOE). O per\u00edodo para quitar os d\u00e9bitos come\u00e7a nesta ter\u00e7a-feira (27) e vai at\u00e9 o dia 17 de dezembro de 2018.<\/p>\n<\/div>\n<div class=\"wall protected-content\">\n<div class=\"mc-column content-text active-extra-styles \" data-block-type=\"unstyled\" data-block-weight=\"99\" data-block-id=\"3\">\n<p class=\"content-text__container \" data-track-category=\"Link no Texto\" data-track-links=\"\">Os d\u00e9bitos atrasados poder\u00e3o ser pagos nas condi\u00e7\u00f5es \u00e0 vista ou no parcelamento. Na op\u00e7\u00e3o \u00e0 vista, o contribuinte ter\u00e1 redu\u00e7\u00e3o de 90% das multas punitivas e morat\u00f3ria; de 70% das multas acess\u00f3rias e de 80% dos juros de mora. J\u00e1 para o contribuinte que ir\u00e1 parcelar o d\u00e9bito ter\u00e1 duas op\u00e7\u00f5es: em at\u00e9 30 parcelas mensais e sucessivas, com redu\u00e7\u00e3o de 80% das multas punitivas e morat\u00f3ria e de 60% dos juros de mora. A outra \u00e9 o parcelamento em at\u00e9 60 presta\u00e7\u00f5es mensais e sucessivas, com redu\u00e7\u00e3o de 60% das multas punitivas e morat\u00f3ria e de 50%.<\/p>\n<\/div>\n<div class=\"mc-column content-text active-extra-styles \" data-block-type=\"unstyled\" data-block-weight=\"62\" data-block-id=\"4\">\n<p class=\"content-text__container \" data-track-category=\"Link no Texto\" data-track-links=\"\">O n\u00famero de parcelas vai depender do valor total do d\u00e9bito. Na op\u00e7\u00e3o parcelamento do Refis, cada parcela mensal n\u00e3o pode ser inferior a dez UFR-PB para contribuintes com regime normal. J\u00e1 para os demais regimes e casos, o valor m\u00ednimo de cada parcela seria de at\u00e9 cinco UFR-PB. O valor de cada UFR-PB no m\u00eas de novembro \u00e9 de R$ 49,19.<\/p>\n<\/div>\n<div class=\"mc-column content-text active-extra-styles \" data-block-type=\"unstyled\" data-block-weight=\"34\" data-block-id=\"5\">\n<p class=\"content-text__container \" data-track-category=\"Link no Texto\" data-track-links=\"\">Para fazer ades\u00e3o ao Refis do ICMS, o contribuinte deve procurar a reparti\u00e7\u00e3o fiscal mais pr\u00f3xima do seu domic\u00edlio no per\u00edodo estabelecido para solicitar a simula\u00e7\u00e3o dos d\u00e9bitos de ICMS nas op\u00e7\u00f5es do Refis.<\/p>\n<\/div>\n<div class=\"mc-column content-text active-extra-styles \" data-block-type=\"unstyled\" data-block-weight=\"56\" data-block-id=\"6\">\n<p class=\"content-text__container \" data-track-category=\"Link no Texto\" data-track-links=\"\">Poder\u00e3o ser inclu\u00eddos no Refis, os d\u00e9bitos de ICMS com fato gerador at\u00e9 junho de 2018, constitu\u00eddos ou n\u00e3o, com exigibilidade suspensa ou n\u00e3o, inscritos ou n\u00e3o em D\u00edvida Ativa, mesmo em fase de execu\u00e7\u00e3o fiscal j\u00e1 ajuizada, ou que tenham sido objeto de parcelamento anterior, n\u00e3o integralmente quitado, ainda que cancelado por falta de pagamento.<\/p>\n<p class=\"content-text__container \" data-track-category=\"Link no Texto\" data-track-links=\"\">De acordo com o texto da Medida Provis\u00f3ria, para aderir ao Refis, o pagamento do valor integral do d\u00e9bito \u00e0 vista ou da 1\u00aa parcela, em caso da op\u00e7\u00e3o por parcelamento, precisa ser realizado at\u00e9 o dia 17 de dezembro de 2018.<\/p>\n<\/div>\n<div class=\"mc-column content-text active-extra-styles \" data-block-type=\"unstyled\" data-block-weight=\"86\" data-block-id=\"9\">\n<p class=\"content-text__container \" data-track-category=\"Link no Texto\" data-track-links=\"\">O texto ainda inclui que o ato da formaliza\u00e7\u00e3o da ades\u00e3o ao Refis implica no reconhecimento dos d\u00e9bitos fiscais nele inclu\u00eddos, ficando condicionada \u00e0 desist\u00eancia de eventuais a\u00e7\u00f5es ou embargos \u00e0 execu\u00e7\u00e3o fiscal. Outro ato exigido \u00e9 o credenciamento ao Domic\u00edlio Tribut\u00e1rio Eletr\u00f4nico (DT-e) da Secretaria de Estado da Receita, no prazo de at\u00e9 30 dias contados da data de ades\u00e3o ao Programa. A exce\u00e7\u00e3o para n\u00e3o aderir ao DT-e \u00e9 para op\u00e7\u00e3o do pagamento \u00e0 vista do valor do saldo remanescente do d\u00e9bito tribut\u00e1rio consolidado.<\/p>\n<\/div>\n<div data-track-category=\"fim do conteudo\" data-track-action=\"ultimo chunk conteudo\" data-track-noninteraction=\"false\" data-track-scroll=\"entrada completa viewport\">\n<div class=\"mc-column content-text active-extra-styles \" data-block-type=\"unstyled\" data-block-weight=\"59\" data-block-id=\"10\">\n<p class=\"content-text__container \" data-track-category=\"Link no Texto\" data-track-links=\"\">Em Jo\u00e3o Pessoa, a ades\u00e3o ao Refis ser\u00e1 centralizado no Pal\u00e1cio dos Despachos (conhecido como \u2018bolo de noiva\u2019), no Centro Administrativo do Estado, no bairro de Jaguaribe, de segunda \u00e0 sexta-feira das 8h \u00e0s 16h, enquanto no interior do Estado as simula\u00e7\u00f5es e ades\u00f5es do Refis ser\u00e3o realizadas nas reparti\u00e7\u00f5es fiscais (Recebedorias de Renda e Coletorias), no mesmo hor\u00e1rio.<\/p>\n<\/div>\n<p data-track-category=\"Link no Texto\" data-track-links=\"\">G1<\/p>\n<\/div>\n<\/div>\n","protected":false},"excerpt":{"rendered":"<p>Os paraibanos que estejam irregulares quanto ao pagamento de Imposto sobre Circula\u00e7\u00e3o de Mercadorias e Servi\u00e7os (ICMS) podem regularizar a situa\u00e7\u00e3o com descontos de at\u00e9&hellip; <\/p>\n","protected":false},"author":1,"featured_media":74335,"comment_status":"closed","ping_status":"closed","sticky":false,"template":"","format":"standard","meta":{"sfsi_plus_gutenberg_text_before_share":"","sfsi_plus_gutenberg_show_text_before_share":"","sfsi_plus_gutenberg_icon_type":"","sfsi_plus_gutenberg_icon_alignemt":"","sfsi_plus_gutenburg_max_per_row":"","footnotes":""},"categories":[2],"tags":[],"class_list":["post-74334","post","type-post","status-publish","format-standard","has-post-thumbnail","hentry","category-geral"],"_links":{"self":[{"href":"https:\/\/www.caririemacao.com\/1\/wp-json\/wp\/v2\/posts\/74334","targetHints":{"allow":["GET"]}}],"collection":[{"href":"https:\/\/www.caririemacao.com\/1\/wp-json\/wp\/v2\/posts"}],"about":[{"href":"https:\/\/www.caririemacao.com\/1\/wp-json\/wp\/v2\/types\/post"}],"author":[{"embeddable":true,"href":"https:\/\/www.caririemacao.com\/1\/wp-json\/wp\/v2\/users\/1"}],"replies":[{"embeddable":true,"href":"https:\/\/www.caririemacao.com\/1\/wp-json\/wp\/v2\/comments?post=74334"}],"version-history":[{"count":1,"href":"https:\/\/www.caririemacao.com\/1\/wp-json\/wp\/v2\/posts\/74334\/revisions"}],"predecessor-version":[{"id":74336,"href":"https:\/\/www.caririemacao.com\/1\/wp-json\/wp\/v2\/posts\/74334\/revisions\/74336"}],"wp:featuredmedia":[{"embeddable":true,"href":"https:\/\/www.caririemacao.com\/1\/wp-json\/wp\/v2\/media\/74335"}],"wp:attachment":[{"href":"https:\/\/www.caririemacao.com\/1\/wp-json\/wp\/v2\/media?parent=74334"}],"wp:term":[{"taxonomy":"category","embeddable":true,"href":"https:\/\/www.caririemacao.com\/1\/wp-json\/wp\/v2\/categories?post=74334"},{"taxonomy":"post_tag","embeddable":true,"href":"https:\/\/www.caririemacao.com\/1\/wp-json\/wp\/v2\/tags?post=74334"}],"curies":[{"name":"wp","href":"https:\/\/api.w.org\/{rel}","templated":true}]}}