{"id":74337,"date":"2018-11-25T15:34:35","date_gmt":"2018-11-25T18:34:35","guid":{"rendered":"http:\/\/www.caririemacao.com\/1\/?p=74337"},"modified":"2018-11-25T15:34:35","modified_gmt":"2018-11-25T18:34:35","slug":"mae-esfaqueia-filho-em-monteiro","status":"publish","type":"post","link":"https:\/\/www.caririemacao.com\/1\/2018\/11\/25\/mae-esfaqueia-filho-em-monteiro\/","title":{"rendered":"M\u00e3e esfaqueia filho em Monteiro"},"content":{"rendered":"<p style=\"margin: 0px 0px 15px; padding: 0px; outline: 0px; border: 0px currentColor; color: #444444; text-transform: none; line-height: 1.6; text-indent: 0px; letter-spacing: normal; font-family: 'Open Sans', serif; font-size: 15px; font-style: normal; font-weight: normal; word-spacing: 0px; vertical-align: baseline; white-space: normal; orphans: 2; widows: 2; font-stretch: inherit; background-color: #ffffff; font-variant-ligatures: normal; font-variant-caps: normal; font-variant-numeric: inherit; -webkit-text-stroke-width: 0px; text-decoration-style: initial; text-decoration-color: initial;\">Uma confus\u00e3o entre m\u00e3e e filho termina com uma v\u00edtima ferido na tarde deste domingo (25), em Monteiro no cariri paraibano.<\/p>\n<p style=\"margin: 0px 0px 15px; padding: 0px; outline: 0px; border: 0px currentColor; color: #444444; text-transform: none; line-height: 1.6; text-indent: 0px; letter-spacing: normal; font-family: 'Open Sans', serif; font-size: 15px; font-style: normal; font-weight: normal; word-spacing: 0px; vertical-align: baseline; white-space: normal; orphans: 2; widows: 2; font-stretch: inherit; background-color: #ffffff; font-variant-ligatures: normal; font-variant-caps: normal; font-variant-numeric: inherit; -webkit-text-stroke-width: 0px; text-decoration-style: initial; text-decoration-color: initial;\">De acordo com informa\u00e7\u00f5es o jovem chegou em sua resid\u00eancia com sitomas \u00a0de embriagu\u00eas quebrando tudo dentro da casa, ouvi uma discuss\u00e3o entre a m\u00e3e e o filho em seguida a m\u00e3e o feriu a v\u00edtima com uma arma Branca \u201cFACA\u201d para se proteger.<\/p>\n<p style=\"margin: 0px 0px 15px; padding: 0px; outline: 0px; border: 0px currentColor; color: #444444; text-transform: none; line-height: 1.6; text-indent: 0px; letter-spacing: normal; font-family: 'Open Sans', serif; font-size: 15px; font-style: normal; font-weight: normal; word-spacing: 0px; vertical-align: baseline; white-space: normal; orphans: 2; widows: 2; font-stretch: inherit; background-color: #ffffff; font-variant-ligatures: normal; font-variant-caps: normal; font-variant-numeric: inherit; -webkit-text-stroke-width: 0px; text-decoration-style: initial; text-decoration-color: initial;\">O filho foi socorrido para a unidade de pronto atendimento UPA.<\/p>\n<p style=\"margin: 0px 0px 15px; padding: 0px; outline: 0px; border: 0px currentColor; color: #444444; text-transform: none; line-height: 1.6; text-indent: 0px; letter-spacing: normal; font-family: 'Open Sans', serif; font-size: 15px; font-style: normal; font-weight: normal; word-spacing: 0px; vertical-align: baseline; white-space: normal; orphans: 2; widows: 2; font-stretch: inherit; background-color: #ffffff; font-variant-ligatures: normal; font-variant-caps: normal; font-variant-numeric: inherit; -webkit-text-stroke-width: 0px; text-decoration-style: initial; text-decoration-color: initial;\"><strong>HORA1PB<\/strong><\/p>\n","protected":false},"excerpt":{"rendered":"<p>Uma confus\u00e3o entre m\u00e3e e filho termina com uma v\u00edtima ferido na tarde deste domingo (25), em Monteiro no cariri paraibano. De acordo com informa\u00e7\u00f5es&hellip; <\/p>\n","protected":false},"author":1,"featured_media":6101,"comment_status":"closed","ping_status":"closed","sticky":false,"template":"","format":"standard","meta":{"sfsi_plus_gutenberg_text_before_share":"","sfsi_plus_gutenberg_show_text_before_share":"","sfsi_plus_gutenberg_icon_type":"","sfsi_plus_gutenberg_icon_alignemt":"","sfsi_plus_gutenburg_max_per_row":"","footnotes":""},"categories":[12],"tags":[],"class_list":["post-74337","post","type-post","status-publish","format-standard","has-post-thumbnail","hentry","category-policia"],"_links":{"self":[{"href":"https:\/\/www.caririemacao.com\/1\/wp-json\/wp\/v2\/posts\/74337","targetHints":{"allow":["GET"]}}],"collection":[{"href":"https:\/\/www.caririemacao.com\/1\/wp-json\/wp\/v2\/posts"}],"about":[{"href":"https:\/\/www.caririemacao.com\/1\/wp-json\/wp\/v2\/types\/post"}],"author":[{"embeddable":true,"href":"https:\/\/www.caririemacao.com\/1\/wp-json\/wp\/v2\/users\/1"}],"replies":[{"embeddable":true,"href":"https:\/\/www.caririemacao.com\/1\/wp-json\/wp\/v2\/comments?post=74337"}],"version-history":[{"count":1,"href":"https:\/\/www.caririemacao.com\/1\/wp-json\/wp\/v2\/posts\/74337\/revisions"}],"predecessor-version":[{"id":74338,"href":"https:\/\/www.caririemacao.com\/1\/wp-json\/wp\/v2\/posts\/74337\/revisions\/74338"}],"wp:featuredmedia":[{"embeddable":true,"href":"https:\/\/www.caririemacao.com\/1\/wp-json\/wp\/v2\/media\/6101"}],"wp:attachment":[{"href":"https:\/\/www.caririemacao.com\/1\/wp-json\/wp\/v2\/media?parent=74337"}],"wp:term":[{"taxonomy":"category","embeddable":true,"href":"https:\/\/www.caririemacao.com\/1\/wp-json\/wp\/v2\/categories?post=74337"},{"taxonomy":"post_tag","embeddable":true,"href":"https:\/\/www.caririemacao.com\/1\/wp-json\/wp\/v2\/tags?post=74337"}],"curies":[{"name":"wp","href":"https:\/\/api.w.org\/{rel}","templated":true}]}}