{"id":74350,"date":"2018-11-25T18:55:56","date_gmt":"2018-11-25T21:55:56","guid":{"rendered":"http:\/\/www.caririemacao.com\/1\/?p=74350"},"modified":"2018-11-25T18:55:56","modified_gmt":"2018-11-25T21:55:56","slug":"palmeiras-bate-vasco-e-e-campeao-brasileiro","status":"publish","type":"post","link":"https:\/\/www.caririemacao.com\/1\/2018\/11\/25\/palmeiras-bate-vasco-e-e-campeao-brasileiro\/","title":{"rendered":"Palmeiras bate Vasco e \u00e9 campe\u00e3o brasileiro"},"content":{"rendered":"<p class=\"selectionShareable\">O Palmeiras provou mais uma vez\u00a0<em>que sabe ser brasileiro<\/em>\u00a0na noite deste domingo. No Est\u00e1dio de S\u00e3o Janu\u00e1rio, o time comandado pelo t\u00e9cnico Luiz Felipe Scolari contou com gol do centroavante Deyverson para ganhar do Vasco por 1 a 0 e garantiu o t\u00edtulo nacional.<\/p>\n<p class=\"selectionShareable\">Com 77 pontos, o Palmeiras assegura o primeiro lugar do Campeonato ainda na 37\u00aa rodada, j\u00e1 que, a uma do fim, n\u00e3o pode mais ser alcan\u00e7ado pelo Flamengo (72). O Vasco, no 13\u00ba lugar, fica com 42 pontos, quatro a mais do que o Sport, primeiro integrante da zona de rebaixamento.<\/p>\n<p class=\"selectionShareable\">Em \u00eaxtase, a torcida alviverde canta e vibra pelo decacampeonato, uma vez que o Palmeiras conquistou a Ta\u00e7a Brasil (1960 e 1967), o Torneio Roberto Gomes Pedrosa (1967 e 1969) e Campeonato Brasileiro (1972, 1973, 1993, 1994, 2016 e 2018), todos<\/p>\n<p class=\"selectionShareable\">ela 38\u00aa e \u00faltima rodada do Campeonato Brasileiro, \u00e0s 17 horas (de Bras\u00edlia) deste domingo, o Palmeiras volta a campo para enfrentar o Vit\u00f3ria, no Allianz Parque. No mesmo hor\u00e1rio, o Vasco encerra sua participa\u00e7\u00e3o contra o Cear\u00e1, no Est\u00e1dio Castel\u00e3o.<\/p>\n<div id=\"attachment_530644\" class=\"wp-caption aligncenter\"><img decoding=\"async\" class=\"wp-image-530644 size-medium lazyload\" data-src=\"https:\/\/paraibaonline.com.br\/wp-content\/uploads\/2018\/11\/pskmeiras-567x376.jpg\" data-srcset=\"https:\/\/paraibaonline.com.br\/wp-content\/uploads\/2018\/11\/pskmeiras-567x376.jpg 567w, https:\/\/paraibaonline.com.br\/wp-content\/uploads\/2018\/11\/pskmeiras.jpg 800w\" alt=\"\" src=\"data:image\/svg+xml;base64,PHN2ZyB3aWR0aD0iMSIgaGVpZ2h0PSIxIiB4bWxucz0iaHR0cDovL3d3dy53My5vcmcvMjAwMC9zdmciPjwvc3ZnPg==\" style=\"--smush-placeholder-width: 567px; --smush-placeholder-aspect-ratio: 567\/376;\" \/><\/p>\n<p class=\"wp-caption-text\">fOTO Foto: Gazeta Press<\/p>\n<\/div>\n<p class=\"selectionShareable\"><strong>O Jogo \u2013<\/strong>\u00a0Com as arquibancadas de S\u00e3o Janu\u00e1rio lotadas, o Vasco come\u00e7ou o jogo em alta e deu trabalho \u00e0 defesa palmeirense durante o primeiro tempo. Ap\u00f3s cobran\u00e7a r\u00e1pida de falta, Andrey arriscou de fora da \u00e1rea e obrigou o goleiro Weverton a ceder o escanteio.<\/p>\n<p class=\"selectionShareable\">Como de costume, o lateral esquerdo Diogo Barbosa demonstrou vulnerabilidade na marca\u00e7\u00e3o, defici\u00eancia explorada pelo Vasco. Em um chute cruzado disparado por Pikachu, o goleiro Weverton voltou a fazer uma defesa importante e Felipe Melo afastou o perigo.<\/p>\n<p class=\"selectionShareable\">O Palmeiras conseguiu manter a posse de bola, mas foi incapaz de criar boas oportunidades na etapa inicial. Na estocada mais incisiva do time visitante, Bruno Henrique dominou pela esquerda e chutou de fora da \u00e1rea, com perigo para o goleiro Fernando Miguel.<\/p>\n<p class=\"selectionShareable\">Ap\u00f3s ouvir instru\u00e7\u00f5es de Felip\u00e3o no vesti\u00e1rio, o Palmeiras voltou melhor para o segundo tempo. Logo no recome\u00e7o da partida, o lateral Mayke cruzou da direita e Dudu, livre, tentou completar de primeira, mas pegou errado e mandou a bola para fora.<\/p>\n<p class=\"selectionShareable\">Na tentativa de aumentar o poder fogo de sua equipe, Felip\u00e3o trocou Borja por Deyverson e depois tirou Lucas Lima para colocar Gustavo Scarpa, deslocando Dudu para a meia. Aos 27 minutos, o camisa 7 deu belo passe na direita para Willian, que cruzou para Deyverson completar com sucesso.<\/p>\n<p class=\"selectionShareable\">Em vantagem no marcador, Felip\u00e3o sacou Willian e posicionou Jean na ponta direita. O Vasco, dirigido por Alberto Valentim, procurou reagir e chegou a pressionar o Palmeiras no campo de defesa, mas o time visitante soube como se defender at\u00e9 o apito final para ganhar o Campeonato Brasileiro.<\/p>\n<p class=\"selectionShareable\"><strong>FICHA T\u00c9CNICA<\/strong><br \/>\n<strong>VASCO 0 X 1 PALMEIRAS<\/strong><\/p>\n<p class=\"selectionShareable\"><strong>Local:<\/strong>\u00a0Est\u00e1dio S\u00e3o Janu\u00e1rio, no Rio de Janeiro (RJ)<br \/>\n<strong>Data:<\/strong>\u00a025 de novembro de 2018, domingo<br \/>\n<strong>Hor\u00e1rio:<\/strong>\u00a017 horas (Bras\u00edlia)<br \/>\n<strong>\u00c1rbitro:<\/strong>\u00a0Rafael Traci (PR)<br \/>\n<strong>Assistentes:<\/strong>\u00a0Ivan Carlos Bohn (PR) e Rafael Trombeta (PR)<br \/>\n<strong>P\u00fablico:<\/strong>\u00a021.066 pagantes<br \/>\n<strong>Renda:<\/strong>\u00a0R$ 596.810,00<br \/>\n<strong>Cart\u00f5es amarelos:<\/strong>\u00a0Des\u00e1bato, Castan, Andrey (VAS); Felipe Melo, Bruno Henrique, Gomez, Deyverson e Jean (PAL)<br \/>\n<strong>Cart\u00e3o vermelho:<\/strong>\u00a0Pikachu (VAS)<br \/>\n<strong>Gol:<\/strong><br \/>\n<strong>PALMEIRAS:<\/strong>\u00a0Deyverson, aos 26 minutos do 2\u00ba Tempo<\/p>\n<p class=\"selectionShareable\"><strong>VASCO:<\/strong>\u00a0Fernando Miguel; Luiz Gustavo, Werley, Leandro Castan e Henrique (Willian Maranh\u00e3o); Des\u00e1bato (Raul), Andrey, Yago Pikachu e Thiago Galhardo; Kelvin (Marrony) e Maxi L\u00f3pez<br \/>\n<strong>T\u00e9cnico:<\/strong>\u00a0Alberto Valentim<\/p>\n<p class=\"selectionShareable\"><strong>PALMEIRAS:<\/strong>\u00a0Weverton; Mayke, Luan, Gustavo Gomez e Diogo Barbosa; Felipe Melo, Bruno Henrique, Lucas Lima (Gustavo Scarpa); Willian (Jean); Dudu e Borja (Deyverson)<br \/>\n<strong>T\u00e9cnico:<\/strong>\u00a0Luiz Felipe Scolari<\/p>\n<p>Gazeta Esportiva<\/p>\n","protected":false},"excerpt":{"rendered":"<p>O Palmeiras provou mais uma vez\u00a0que sabe ser brasileiro\u00a0na noite deste domingo. No Est\u00e1dio de S\u00e3o Janu\u00e1rio, o time comandado pelo t\u00e9cnico Luiz Felipe Scolari&hellip; <\/p>\n","protected":false},"author":1,"featured_media":74351,"comment_status":"closed","ping_status":"closed","sticky":false,"template":"","format":"standard","meta":{"sfsi_plus_gutenberg_text_before_share":"","sfsi_plus_gutenberg_show_text_before_share":"","sfsi_plus_gutenberg_icon_type":"","sfsi_plus_gutenberg_icon_alignemt":"","sfsi_plus_gutenburg_max_per_row":"","footnotes":""},"categories":[13],"tags":[],"class_list":["post-74350","post","type-post","status-publish","format-standard","has-post-thumbnail","hentry","category-esportes"],"_links":{"self":[{"href":"https:\/\/www.caririemacao.com\/1\/wp-json\/wp\/v2\/posts\/74350","targetHints":{"allow":["GET"]}}],"collection":[{"href":"https:\/\/www.caririemacao.com\/1\/wp-json\/wp\/v2\/posts"}],"about":[{"href":"https:\/\/www.caririemacao.com\/1\/wp-json\/wp\/v2\/types\/post"}],"author":[{"embeddable":true,"href":"https:\/\/www.caririemacao.com\/1\/wp-json\/wp\/v2\/users\/1"}],"replies":[{"embeddable":true,"href":"https:\/\/www.caririemacao.com\/1\/wp-json\/wp\/v2\/comments?post=74350"}],"version-history":[{"count":1,"href":"https:\/\/www.caririemacao.com\/1\/wp-json\/wp\/v2\/posts\/74350\/revisions"}],"predecessor-version":[{"id":74352,"href":"https:\/\/www.caririemacao.com\/1\/wp-json\/wp\/v2\/posts\/74350\/revisions\/74352"}],"wp:featuredmedia":[{"embeddable":true,"href":"https:\/\/www.caririemacao.com\/1\/wp-json\/wp\/v2\/media\/74351"}],"wp:attachment":[{"href":"https:\/\/www.caririemacao.com\/1\/wp-json\/wp\/v2\/media?parent=74350"}],"wp:term":[{"taxonomy":"category","embeddable":true,"href":"https:\/\/www.caririemacao.com\/1\/wp-json\/wp\/v2\/categories?post=74350"},{"taxonomy":"post_tag","embeddable":true,"href":"https:\/\/www.caririemacao.com\/1\/wp-json\/wp\/v2\/tags?post=74350"}],"curies":[{"name":"wp","href":"https:\/\/api.w.org\/{rel}","templated":true}]}}