{"id":74353,"date":"2018-11-25T19:01:33","date_gmt":"2018-11-25T22:01:33","guid":{"rendered":"http:\/\/www.caririemacao.com\/1\/?p=74353"},"modified":"2018-11-25T19:01:33","modified_gmt":"2018-11-25T22:01:33","slug":"porto-de-cabedelo-vai-receber-cruzeiros-maritimos-a-partir-de-2019","status":"publish","type":"post","link":"https:\/\/www.caririemacao.com\/1\/2018\/11\/25\/porto-de-cabedelo-vai-receber-cruzeiros-maritimos-a-partir-de-2019\/","title":{"rendered":"Porto de Cabedelo vai receber cruzeiros mar\u00edtimos a partir de 2019"},"content":{"rendered":"<p>Em 2019, o porto de Cabedelo, no Litoral Norte da Para\u00edba, vai movimentar n\u00e3o apenas cargas de importa\u00e7\u00e3o e exporta\u00e7\u00e3o, mas tamb\u00e9m vai receber cruzeiros mar\u00edtimos. A expectativa \u00e9 que, a partir de 8 de fevereiro do pr\u00f3ximo ano, ocorram um total de 26 atracamentos durante toda a alta esta\u00e7\u00e3o.<\/p>\n<p>C\u00e1lculos da presidente da Empresa Paraibana de Turismo (PBTur), Ruth Avelino, \u00e9 de que cerca de 13 mil cruzeiristas desembarquem em Cabedelo, excluindo desse total a tripula\u00e7\u00e3o das embarca\u00e7\u00f5es. Os cruzeiros mar\u00edtimos far\u00e3o escalas nos estados da Para\u00edba, Rio Grande do Norte, Pernambuco e Alagoas.<br \/>\n<u><\/u><u><\/u><br \/>\nA presidente ainda informou que \u201co p\u00fablico \u00e9 visto com boas expectativas, j\u00e1 que ele tem a oportunidade de conhecer os atrativos do local. Toda a cadeia tur\u00edstica \u00e9 beneficiada, como bares, restaurantes, nossos postos de artesanatos\u201d.<\/p>\n<h2>\u00daltima temporada em 2012<\/h2>\n<p>A \u00faltima temporada de cruzeiros mar\u00edtimos no Porto de Cabedelo aconteceu em 2012, segundo informou Ruth Avelino. \u201cA atividade \u00e9 importante n\u00e3o s\u00f3 para a Para\u00edba, mas para todo o Pa\u00eds\u201d, disse a presidente da PBTur. Ao todo, foram 14 atraca\u00e7\u00f5es que levaram para a Para\u00edba mais de 15 mil turistas.\u00a0\u00a0<u><\/u><u><\/u><\/p>\n<p>A retomada dos cruzeiros na costa brasileira \u00e9 resultado de algumas decis\u00f5es do Governo Federal, por interm\u00e9dio da Embratur. \u201cTemos uma costa linda e repleta de atrativos para v\u00e1rios tipos de viajantes, e precisamos aproveitar melhor esse potencial. Tivemos alguns avan\u00e7os, como o Decreto Presidencial n\u00famero 9.500, que alterou de 90 para 180 dias a validade do visto dos profissionais que trabalham em navios em viagem de longo curso. O governo entende que o setor inclusivo, gera emprego e renda\u201d, afirma a presidente.<u><\/u><u><\/u><\/p>\n<h2>Dados do setor<\/h2>\n<p>Na \u00faltima temporada (2017\/2018), cerca de 420 mil pessoas viajaram de navio no Brasil, um crescimento de quase 17% em compara\u00e7\u00e3o ao per\u00edodo anterior. Dos mais de 470 mil turistas que fazem cruzeiro no Pa\u00eds, 20% s\u00e3o estrangeiros. De acordo com a CLIA Brasil (<em>Cruise Lines Internacional Association<\/em>), entidade que representa o setor, cada navio pode gerar 4 mil empregos. Entre 2017 e 2018, foram gerados 27.748 empregos, quase 10% a mais que em 2016\/2017, com os sete navios que estiveram na costa brasileira.<br \/>\n<u><\/u><u><\/u><br \/>\nA temporada 2018\/2019 de cruzeiros no Brasil, que come\u00e7ou esta semana e termina em abril, ter\u00e1 sete navios de cabotagem, com viagem com in\u00edcio e fim nos portos nacionais, e 29 embarca\u00e7\u00f5es de longo curso, com escalas no Pa\u00eds. Em m\u00e9dia, os navios permanecem 120 dias em opera\u00e7\u00e3o.<\/p>\n<div class=\"td-a-rec td-a-rec-id-content_bottom  td_uid_1_5bfb03a54811b_rand td_block_template_1\">\n<div data-google-query-id=\"CLCI3JXE8N4CFdF2wQodRwgB2Q\"><\/div>\n<div id=\"div-gpt-ad-1510753744454-4\" data-google-query-id=\"CLCI3JXE8N4CFdF2wQodRwgB2Q\"><strong>Portal Correio<\/strong><\/div>\n<\/div>\n","protected":false},"excerpt":{"rendered":"<p>Em 2019, o porto de Cabedelo, no Litoral Norte da Para\u00edba, vai movimentar n\u00e3o apenas cargas de importa\u00e7\u00e3o e exporta\u00e7\u00e3o, mas tamb\u00e9m vai receber cruzeiros&hellip; <\/p>\n","protected":false},"author":1,"featured_media":74354,"comment_status":"closed","ping_status":"closed","sticky":false,"template":"","format":"standard","meta":{"sfsi_plus_gutenberg_text_before_share":"","sfsi_plus_gutenberg_show_text_before_share":"","sfsi_plus_gutenberg_icon_type":"","sfsi_plus_gutenberg_icon_alignemt":"","sfsi_plus_gutenburg_max_per_row":"","footnotes":""},"categories":[50,2],"tags":[],"class_list":["post-74353","post","type-post","status-publish","format-standard","has-post-thumbnail","hentry","category-destaque","category-geral"],"_links":{"self":[{"href":"https:\/\/www.caririemacao.com\/1\/wp-json\/wp\/v2\/posts\/74353","targetHints":{"allow":["GET"]}}],"collection":[{"href":"https:\/\/www.caririemacao.com\/1\/wp-json\/wp\/v2\/posts"}],"about":[{"href":"https:\/\/www.caririemacao.com\/1\/wp-json\/wp\/v2\/types\/post"}],"author":[{"embeddable":true,"href":"https:\/\/www.caririemacao.com\/1\/wp-json\/wp\/v2\/users\/1"}],"replies":[{"embeddable":true,"href":"https:\/\/www.caririemacao.com\/1\/wp-json\/wp\/v2\/comments?post=74353"}],"version-history":[{"count":1,"href":"https:\/\/www.caririemacao.com\/1\/wp-json\/wp\/v2\/posts\/74353\/revisions"}],"predecessor-version":[{"id":74355,"href":"https:\/\/www.caririemacao.com\/1\/wp-json\/wp\/v2\/posts\/74353\/revisions\/74355"}],"wp:featuredmedia":[{"embeddable":true,"href":"https:\/\/www.caririemacao.com\/1\/wp-json\/wp\/v2\/media\/74354"}],"wp:attachment":[{"href":"https:\/\/www.caririemacao.com\/1\/wp-json\/wp\/v2\/media?parent=74353"}],"wp:term":[{"taxonomy":"category","embeddable":true,"href":"https:\/\/www.caririemacao.com\/1\/wp-json\/wp\/v2\/categories?post=74353"},{"taxonomy":"post_tag","embeddable":true,"href":"https:\/\/www.caririemacao.com\/1\/wp-json\/wp\/v2\/tags?post=74353"}],"curies":[{"name":"wp","href":"https:\/\/api.w.org\/{rel}","templated":true}]}}