{"id":74359,"date":"2018-11-26T10:18:11","date_gmt":"2018-11-26T13:18:11","guid":{"rendered":"http:\/\/www.caririemacao.com\/1\/?p=74359"},"modified":"2018-11-26T10:18:11","modified_gmt":"2018-11-26T13:18:11","slug":"agricultor-e-assaltado-na-zuna-rural-em-monteiro","status":"publish","type":"post","link":"https:\/\/www.caririemacao.com\/1\/2018\/11\/26\/agricultor-e-assaltado-na-zuna-rural-em-monteiro\/","title":{"rendered":"Agricultor \u00e9 assaltado na zuna rural em Monteiro"},"content":{"rendered":"<p>Por volta das 22:00 horas deste domingo (25), mais um homem \u00e9 v\u00edtima foi assalto no s\u00edtio deserto zona rural de Monteiro no cariri paraibano.<\/p>\n<p>O agricultor de nome MARQUINHO seguia em sua motocicleta acompanhado de sua filha na garupa da moto, quando foi surpreendido por dois homens em uma moto que abordaram e anunciaram o assalto levando a moto modelo TITAN de cor preta ano 2011 celular, e a carteira com todos os documentos.<\/p>\n<p>Da filha n\u00e3o levaram nada.<\/p>\n<p><strong>HORA1PB<\/strong><\/p>\n","protected":false},"excerpt":{"rendered":"<p>Por volta das 22:00 horas deste domingo (25), mais um homem \u00e9 v\u00edtima foi assalto no s\u00edtio deserto zona rural de Monteiro no cariri paraibano.&hellip; <\/p>\n","protected":false},"author":1,"featured_media":18430,"comment_status":"closed","ping_status":"closed","sticky":false,"template":"","format":"standard","meta":{"sfsi_plus_gutenberg_text_before_share":"","sfsi_plus_gutenberg_show_text_before_share":"","sfsi_plus_gutenberg_icon_type":"","sfsi_plus_gutenberg_icon_alignemt":"","sfsi_plus_gutenburg_max_per_row":"","footnotes":""},"categories":[12],"tags":[],"class_list":["post-74359","post","type-post","status-publish","format-standard","has-post-thumbnail","hentry","category-policia"],"_links":{"self":[{"href":"https:\/\/www.caririemacao.com\/1\/wp-json\/wp\/v2\/posts\/74359","targetHints":{"allow":["GET"]}}],"collection":[{"href":"https:\/\/www.caririemacao.com\/1\/wp-json\/wp\/v2\/posts"}],"about":[{"href":"https:\/\/www.caririemacao.com\/1\/wp-json\/wp\/v2\/types\/post"}],"author":[{"embeddable":true,"href":"https:\/\/www.caririemacao.com\/1\/wp-json\/wp\/v2\/users\/1"}],"replies":[{"embeddable":true,"href":"https:\/\/www.caririemacao.com\/1\/wp-json\/wp\/v2\/comments?post=74359"}],"version-history":[{"count":1,"href":"https:\/\/www.caririemacao.com\/1\/wp-json\/wp\/v2\/posts\/74359\/revisions"}],"predecessor-version":[{"id":74360,"href":"https:\/\/www.caririemacao.com\/1\/wp-json\/wp\/v2\/posts\/74359\/revisions\/74360"}],"wp:featuredmedia":[{"embeddable":true,"href":"https:\/\/www.caririemacao.com\/1\/wp-json\/wp\/v2\/media\/18430"}],"wp:attachment":[{"href":"https:\/\/www.caririemacao.com\/1\/wp-json\/wp\/v2\/media?parent=74359"}],"wp:term":[{"taxonomy":"category","embeddable":true,"href":"https:\/\/www.caririemacao.com\/1\/wp-json\/wp\/v2\/categories?post=74359"},{"taxonomy":"post_tag","embeddable":true,"href":"https:\/\/www.caririemacao.com\/1\/wp-json\/wp\/v2\/tags?post=74359"}],"curies":[{"name":"wp","href":"https:\/\/api.w.org\/{rel}","templated":true}]}}