{"id":74363,"date":"2018-11-26T11:09:34","date_gmt":"2018-11-26T14:09:34","guid":{"rendered":"http:\/\/www.caririemacao.com\/1\/?p=74363"},"modified":"2018-11-26T11:09:34","modified_gmt":"2018-11-26T14:09:34","slug":"divulgado-nome-do-medico-selecionado-para-atuar-em-monteiro-no-mais-medicos","status":"publish","type":"post","link":"https:\/\/www.caririemacao.com\/1\/2018\/11\/26\/divulgado-nome-do-medico-selecionado-para-atuar-em-monteiro-no-mais-medicos\/","title":{"rendered":"Divulgado nome do m\u00e9dico selecionado para atuar em Monteiro no MAIS M\u00c9DICOS"},"content":{"rendered":"<p>Est\u00e1 confirmado o nome do primeiro profissional do programa MAIS M\u00c9DICOS que j\u00e1 est\u00e1 dispon\u00edvel para se apresentar ao munic\u00edpio de Monteiro.<\/p>\n<p>O nome dele \u00e9 GERALDO NETO NERES SILVA e sua inscri\u00e7\u00e3o est\u00e1 confirmada desde o \u00faltimo dia 22.<\/p>\n<p>O m\u00e9dico se formou na UFPB em Jo\u00e3o Pessoa em 2017 e \u00e9 casado.<\/p>\n<p>Ap\u00f3s o acerto de alguns detalhes burocr\u00e1ticos o profissional deve se apresentar na secretaria municipal de sa\u00fade de Monteiro.<\/p>\n<p><strong>F\u00c1BIO BRITO<\/strong><\/p>\n","protected":false},"excerpt":{"rendered":"<p>Est\u00e1 confirmado o nome do primeiro profissional do programa MAIS M\u00c9DICOS que j\u00e1 est\u00e1 dispon\u00edvel para se apresentar ao munic\u00edpio de Monteiro. O nome dele&hellip; <\/p>\n","protected":false},"author":1,"featured_media":74364,"comment_status":"closed","ping_status":"closed","sticky":false,"template":"","format":"standard","meta":{"sfsi_plus_gutenberg_text_before_share":"","sfsi_plus_gutenberg_show_text_before_share":"","sfsi_plus_gutenberg_icon_type":"","sfsi_plus_gutenberg_icon_alignemt":"","sfsi_plus_gutenburg_max_per_row":"","footnotes":""},"categories":[16],"tags":[],"class_list":["post-74363","post","type-post","status-publish","format-standard","has-post-thumbnail","hentry","category-saude"],"_links":{"self":[{"href":"https:\/\/www.caririemacao.com\/1\/wp-json\/wp\/v2\/posts\/74363","targetHints":{"allow":["GET"]}}],"collection":[{"href":"https:\/\/www.caririemacao.com\/1\/wp-json\/wp\/v2\/posts"}],"about":[{"href":"https:\/\/www.caririemacao.com\/1\/wp-json\/wp\/v2\/types\/post"}],"author":[{"embeddable":true,"href":"https:\/\/www.caririemacao.com\/1\/wp-json\/wp\/v2\/users\/1"}],"replies":[{"embeddable":true,"href":"https:\/\/www.caririemacao.com\/1\/wp-json\/wp\/v2\/comments?post=74363"}],"version-history":[{"count":1,"href":"https:\/\/www.caririemacao.com\/1\/wp-json\/wp\/v2\/posts\/74363\/revisions"}],"predecessor-version":[{"id":74365,"href":"https:\/\/www.caririemacao.com\/1\/wp-json\/wp\/v2\/posts\/74363\/revisions\/74365"}],"wp:featuredmedia":[{"embeddable":true,"href":"https:\/\/www.caririemacao.com\/1\/wp-json\/wp\/v2\/media\/74364"}],"wp:attachment":[{"href":"https:\/\/www.caririemacao.com\/1\/wp-json\/wp\/v2\/media?parent=74363"}],"wp:term":[{"taxonomy":"category","embeddable":true,"href":"https:\/\/www.caririemacao.com\/1\/wp-json\/wp\/v2\/categories?post=74363"},{"taxonomy":"post_tag","embeddable":true,"href":"https:\/\/www.caririemacao.com\/1\/wp-json\/wp\/v2\/tags?post=74363"}],"curies":[{"name":"wp","href":"https:\/\/api.w.org\/{rel}","templated":true}]}}