{"id":74366,"date":"2018-11-26T11:13:26","date_gmt":"2018-11-26T14:13:26","guid":{"rendered":"http:\/\/www.caririemacao.com\/1\/?p=74366"},"modified":"2018-11-26T11:13:26","modified_gmt":"2018-11-26T14:13:26","slug":"municipio-do-cariri-e-alvo-de-alerta-do-tce-por-comprometimento-do-orcamento-publico","status":"publish","type":"post","link":"https:\/\/www.caririemacao.com\/1\/2018\/11\/26\/municipio-do-cariri-e-alvo-de-alerta-do-tce-por-comprometimento-do-orcamento-publico\/","title":{"rendered":"Munic\u00edpio do Cariri \u00e9 alvo de alerta do TCE por comprometimento do or\u00e7amento p\u00fablico"},"content":{"rendered":"<p>O Tribunal de Contas do Estado da Para\u00edba emitiu alertas aos munic\u00edpios de Barra de Santana, Boa Vista (no Cariri paraibano) e Lagoa Seca para evitar o comprometimento or\u00e7ament\u00e1rio, financeiro e patrimonial das cidades antes que desvios se consolidem em preju\u00edzos \u00e0 popula\u00e7\u00e3o. O aviso foi emitido como resultado de processos de acompanhamento da gest\u00e3o em tempo real e publicado na edi\u00e7\u00e3o desta segunda-feira (26) do Di\u00e1rio Oficial do \u00f3rg\u00e3o.Em sua an\u00e1lise, o TCE verificou exist\u00eancia de falhas e impropriedades das atividades tribut\u00e1rias das cidades. Com isso, o \u00f3rg\u00e3o imp\u00f4s a ado\u00e7\u00e3o de provid\u00eancias que possibilitem o alcance de resultados efetivos na arrecada\u00e7\u00e3o dos tributos de compet\u00eancia do munic\u00edpios, sob pena de ferir a Lei de Responsabilidade Fiscal.<\/p>\n","protected":false},"excerpt":{"rendered":"<p>O Tribunal de Contas do Estado da Para\u00edba emitiu alertas aos munic\u00edpios de Barra de Santana, Boa Vista (no Cariri paraibano) e Lagoa Seca para&hellip; <\/p>\n","protected":false},"author":1,"featured_media":42556,"comment_status":"closed","ping_status":"closed","sticky":false,"template":"","format":"standard","meta":{"sfsi_plus_gutenberg_text_before_share":"","sfsi_plus_gutenberg_show_text_before_share":"","sfsi_plus_gutenberg_icon_type":"","sfsi_plus_gutenberg_icon_alignemt":"","sfsi_plus_gutenburg_max_per_row":"","footnotes":""},"categories":[11],"tags":[],"class_list":["post-74366","post","type-post","status-publish","format-standard","has-post-thumbnail","hentry","category-politica"],"_links":{"self":[{"href":"https:\/\/www.caririemacao.com\/1\/wp-json\/wp\/v2\/posts\/74366","targetHints":{"allow":["GET"]}}],"collection":[{"href":"https:\/\/www.caririemacao.com\/1\/wp-json\/wp\/v2\/posts"}],"about":[{"href":"https:\/\/www.caririemacao.com\/1\/wp-json\/wp\/v2\/types\/post"}],"author":[{"embeddable":true,"href":"https:\/\/www.caririemacao.com\/1\/wp-json\/wp\/v2\/users\/1"}],"replies":[{"embeddable":true,"href":"https:\/\/www.caririemacao.com\/1\/wp-json\/wp\/v2\/comments?post=74366"}],"version-history":[{"count":1,"href":"https:\/\/www.caririemacao.com\/1\/wp-json\/wp\/v2\/posts\/74366\/revisions"}],"predecessor-version":[{"id":74367,"href":"https:\/\/www.caririemacao.com\/1\/wp-json\/wp\/v2\/posts\/74366\/revisions\/74367"}],"wp:featuredmedia":[{"embeddable":true,"href":"https:\/\/www.caririemacao.com\/1\/wp-json\/wp\/v2\/media\/42556"}],"wp:attachment":[{"href":"https:\/\/www.caririemacao.com\/1\/wp-json\/wp\/v2\/media?parent=74366"}],"wp:term":[{"taxonomy":"category","embeddable":true,"href":"https:\/\/www.caririemacao.com\/1\/wp-json\/wp\/v2\/categories?post=74366"},{"taxonomy":"post_tag","embeddable":true,"href":"https:\/\/www.caririemacao.com\/1\/wp-json\/wp\/v2\/tags?post=74366"}],"curies":[{"name":"wp","href":"https:\/\/api.w.org\/{rel}","templated":true}]}}