{"id":74370,"date":"2018-11-26T11:29:31","date_gmt":"2018-11-26T14:29:31","guid":{"rendered":"http:\/\/www.caririemacao.com\/1\/?p=74370"},"modified":"2018-11-26T11:29:31","modified_gmt":"2018-11-26T14:29:31","slug":"bolsonaro-anuncia-general-como-ministro-da-secretaria-de-governo-e-o-4o-militar-indicado-para-assumir-cadeira","status":"publish","type":"post","link":"https:\/\/www.caririemacao.com\/1\/2018\/11\/26\/bolsonaro-anuncia-general-como-ministro-da-secretaria-de-governo-e-o-4o-militar-indicado-para-assumir-cadeira\/","title":{"rendered":"Bolsonaro anuncia general como ministro da Secretaria de Governo; \u00e9 o 4\u00ba militar indicado para assumir cadeira"},"content":{"rendered":"<p>O presidente eleito,\u00a0Jair Bolsonaro\u00a0(PSL), anunciou nesta segunda-feira (26), por meio do Twitter, o general-de-divis\u00e3o Carlos Alberto dos Santos Cruz para comandar a Secretaria de Governo.<\/p>\n<p>Santos Cruz \u00e9 o quarto militar indicado por Bolsonaro para integrar seu futuro governo. Os outros militares s\u00e3o: general\u00a0Augusto Heleno\u00a0(Gabinete de Seguran\u00e7a Institucional), general\u00a0Fernando Azevedo e Silva\u00a0(Defesa) e o tenente-coronel\u00a0Marcos Pontes\u00a0(Ci\u00eancia e Tecnologia).<\/p>\n<p>Os ministros de Bolsonaro<\/p>\n<p>O atual chefe da Secretaria de Governo \u00e9 o ministro\u00a0Carlos Marun. A pasta fica no Pal\u00e1cio do Planalto e cuida, entre outras atribui\u00e7\u00f5es, da articula\u00e7\u00e3o do governo com o Congresso.<\/p>\n<p>Bolsonaro n\u00e3o informou se a Secretaria de Governo manter\u00e1 o status de minist\u00e9rio e qual ser\u00e1 a atribui\u00e7\u00e3o da estrutura. O\u00a0G1\u00a0procurou a assessoria do governo de transi\u00e7\u00e3o que n\u00e3o esclareceu as d\u00favidas at\u00e9 a \u00faltima atualiza\u00e7\u00e3o desta reportagem.<\/p>\n<p>Santos Cruz tem participado de reuni\u00f5es de Bolsonaro com embaixadores no Centro Cultural Banco do Brasil (CCBB), em Bras\u00edlia, sede do gabinete de transi\u00e7\u00e3o. O general era cotado para integrar a equipe de\u00a0S\u00e9rgio Moro\u00a0no Minist\u00e9rio da Justi\u00e7a, por\u00e9m foi escolhido para a Secretaria de Governo.<\/p>\n<p>Perfil<\/p>\n<p>Natural de Rio Grande (RS), Carlos Alberto dos Santos Cruz \u00e9 formado em Engenharia Civil e chegou ao posto de general de divis\u00e3o no Ex\u00e9rcito.<\/p>\n<p>O militar, de 66 anos, comandou as miss\u00f5es de paz da ONU no Haiti (2007 a 2009) e na Rep\u00fablica Democr\u00e1tica do Congo (2013 a 2015) e chefiou a Secretaria Nacional de Seguran\u00e7a P\u00fablica durante parte da gest\u00e3o do presidente Michel Temer.<\/p>\n<p>Santos Cruz tamb\u00e9m trabalhou como consultor da Organiza\u00e7\u00e3o das Na\u00e7\u00f5es Unidas (ONU) em raz\u00e3o de sua participa\u00e7\u00e3o nas miss\u00f5es de paz.<\/p>\n<p>Com experi\u00eancia internacional no curr\u00edculo, Santos Cruz \u00e9 conhecido por ser um general \u201clinha de frente\u201d. Em 2015, na Rep\u00fablica Democr\u00e1tica do Congo, o helic\u00f3ptero que levava o general brasileiro foi alvo de tiros de grupos rebeldes.<\/p>\n<p>A aeronave teve de fazer um pouso de emerg\u00eancia. \u201cEssas coisas fazem parte do trabalho. Faz parte da vida\u201d, disse Santos Cruz \u00e0 \u00e9poca.<\/p>\n<p>O general tamb\u00e9m foi adido militar na embaixada do Brasil em Moscou (R\u00fassia), entre 2001 e 2002. Ele ainda atuou como conselheiro do Banco Mundial para a elabora\u00e7\u00e3o do Relat\u00f3rio de Desenvolvimento Mundial 2011 e integrou o grupo de conselheiros da ONU para a revis\u00e3o do reembolso aos pa\u00edses que contribuem com tropas em miss\u00f5es de paz.<\/p>\n<p><br clear=\"all\" \/><br clear=\"all\" \/><\/p>\n<p>G1<\/p>\n","protected":false},"excerpt":{"rendered":"<p>O presidente eleito,\u00a0Jair Bolsonaro\u00a0(PSL), anunciou nesta segunda-feira (26), por meio do Twitter, o general-de-divis\u00e3o Carlos Alberto dos Santos Cruz para comandar a Secretaria de Governo.&hellip; <\/p>\n","protected":false},"author":1,"featured_media":74375,"comment_status":"closed","ping_status":"closed","sticky":false,"template":"","format":"standard","meta":{"sfsi_plus_gutenberg_text_before_share":"","sfsi_plus_gutenberg_show_text_before_share":"","sfsi_plus_gutenberg_icon_type":"","sfsi_plus_gutenberg_icon_alignemt":"","sfsi_plus_gutenburg_max_per_row":"","footnotes":""},"categories":[50,11],"tags":[],"class_list":["post-74370","post","type-post","status-publish","format-standard","has-post-thumbnail","hentry","category-destaque","category-politica"],"_links":{"self":[{"href":"https:\/\/www.caririemacao.com\/1\/wp-json\/wp\/v2\/posts\/74370","targetHints":{"allow":["GET"]}}],"collection":[{"href":"https:\/\/www.caririemacao.com\/1\/wp-json\/wp\/v2\/posts"}],"about":[{"href":"https:\/\/www.caririemacao.com\/1\/wp-json\/wp\/v2\/types\/post"}],"author":[{"embeddable":true,"href":"https:\/\/www.caririemacao.com\/1\/wp-json\/wp\/v2\/users\/1"}],"replies":[{"embeddable":true,"href":"https:\/\/www.caririemacao.com\/1\/wp-json\/wp\/v2\/comments?post=74370"}],"version-history":[{"count":2,"href":"https:\/\/www.caririemacao.com\/1\/wp-json\/wp\/v2\/posts\/74370\/revisions"}],"predecessor-version":[{"id":74376,"href":"https:\/\/www.caririemacao.com\/1\/wp-json\/wp\/v2\/posts\/74370\/revisions\/74376"}],"wp:featuredmedia":[{"embeddable":true,"href":"https:\/\/www.caririemacao.com\/1\/wp-json\/wp\/v2\/media\/74375"}],"wp:attachment":[{"href":"https:\/\/www.caririemacao.com\/1\/wp-json\/wp\/v2\/media?parent=74370"}],"wp:term":[{"taxonomy":"category","embeddable":true,"href":"https:\/\/www.caririemacao.com\/1\/wp-json\/wp\/v2\/categories?post=74370"},{"taxonomy":"post_tag","embeddable":true,"href":"https:\/\/www.caririemacao.com\/1\/wp-json\/wp\/v2\/tags?post=74370"}],"curies":[{"name":"wp","href":"https:\/\/api.w.org\/{rel}","templated":true}]}}