{"id":74383,"date":"2018-11-26T11:38:10","date_gmt":"2018-11-26T14:38:10","guid":{"rendered":"http:\/\/www.caririemacao.com\/1\/?p=74383"},"modified":"2018-11-26T11:38:10","modified_gmt":"2018-11-26T14:38:10","slug":"receita-federal-realiza-leilao-de-iphones-a-precos-mais-baixos","status":"publish","type":"post","link":"https:\/\/www.caririemacao.com\/1\/2018\/11\/26\/receita-federal-realiza-leilao-de-iphones-a-precos-mais-baixos\/","title":{"rendered":"Receita Federal realiza leil\u00e3o de iPhones a pre\u00e7os mais baixos"},"content":{"rendered":"<p><img decoding=\"async\" class=\" lazyloaded\" src=\"https:\/\/thumbor.clickpb.com.br\/v24e4kvUg6RAZrApVbXPF_S1VNk=\/876x585\/top\/smart\/www.clickpb.com.br\/media\/filer_public\/29\/f0\/29f03a86-e3fe-4c3c-ba7f-c918798aecd7\/apple-confirma-a-data-da-chegada-oficial-dos-iphone-6s-e-6s-plus-no-brasil.jpg\" alt=\"\" data-src=\"https:\/\/thumbor.clickpb.com.br\/v24e4kvUg6RAZrApVbXPF_S1VNk=\/876x585\/top\/smart\/www.clickpb.com.br\/media\/filer_public\/29\/f0\/29f03a86-e3fe-4c3c-ba7f-c918798aecd7\/apple-confirma-a-data-da-chegada-oficial-dos-iphone-6s-e-6s-plus-no-brasil.jpg\" \/>Apesar dos pre\u00e7os baixos, \u00e9 sempre bom lembrar que se tratam apenas do valor m\u00ednimo e que dificilmente ser\u00e1 poss\u00edvel arrematar os produtos por esse pre\u00e7o. (Foto: Reprodu\u00e7\u00e3o)<\/p>\n<div class=\"pg-newDetail__mobileOnly\"><\/div>\n<p>A Receita Federal abriu mais um leil\u00e3o com produtos apreendidos por fiscais no aeroporto e no porto de Fortaleza (CE). Entre os destaques, est\u00e3o os lotes de iPhone 6 por R$ 900 e iPhone 7 por R$ 1.300. Ao todo, o leil\u00e3o conta com 32 lotes de produtos, que tamb\u00e9m\u00a0incluem videogames, como PS4 e Xbox One S, a pre\u00e7os mais baixos.<\/p>\n<p>O sistema da Receita Federal est\u00e1 recebendo lances at\u00e9 esta segunda-feira (26) e o preg\u00e3o est\u00e1 marcado para o dia 27 de novembro, \u00e0s 11h (hor\u00e1rio de Bras\u00edlia). Pessoas f\u00edsicas poder\u00e3o participar do leil\u00e3o, desde que tenham cadastro no site, mas n\u00e3o ter\u00e3o acesso a todos os lotes. Al\u00e9m disso, a venda \u00e9 apenas para consumo pr\u00f3prio, sendo proibida a comercializa\u00e7\u00e3o dos produtos.<\/p>\n<p>Entre os lotes do leil\u00e3o, o destaque fica os lotes de iPhone com pre\u00e7os bem abaixo dos praticados pela Apple e pelas lojas online. \u00c9 pss\u00edvel encontrar o iPhone 7 de 32 GB (lotes 1, 3, 4 e 5) por lances a partir de R$ 1.300. Vale destacar que, na loja oficial da Apple, esse modelo sai por R$ 3.199. H\u00e1 ainda iPhones 6 (lotes 2, 6, 7, 8, 9, 10, 11 e 21) por R$ 900. Essa vers\u00e3o n\u00e3o \u00e9 mais fabricada, mas pode ser encontrada no varejo por R$ 1.700.<\/p>\n<p>No lote 20, a Receita Federal est\u00e1 arrematando um PS4 com controle por R$ 1.400. Nesse caso, o leil\u00e3o pode n\u00e3o ser t\u00e3o vantajoso, j\u00e1 que o videogame \u00e9 vendido por R$ 1.600 em lojas online. J\u00e1 no lote 26 h\u00e1 diversos produtos, como um Xbox One S, uma caixa de som Bluetooth JBL, lente para c\u00e2mera fotogr\u00e1fica e central multim\u00eddia veicular. Tudo isso sai por, no m\u00ednimo, R$ 6.300.<\/p>\n<p>Na primeira parte do preg\u00e3o, os participantes d\u00e3o sugest\u00f5es de valores para cada lote no site da Receita Federal at\u00e9 \u00e0s 18h do dia 26 de novembro. \u00c9 permitido apenas um lance por lote e s\u00f3 passa para a pr\u00f3xima fase o consumidor que der um lance at\u00e9 10% menor do que a melhor proposta. Por exemplo: se o valor m\u00e1ximo de um lote atingir R$ 2.000, apenas os que fizeram lances acima de R$ 1.800 poder\u00e3o participar do preg\u00e3o online, que acontece no dia 27.<\/p>\n<p>Ao fim do leil\u00e3o, o vencedor precisar\u00e1 fazer o pagamento em at\u00e9 um dia ap\u00f3s a confirma\u00e7\u00e3o do arremate \u2014 o prazo m\u00e1ximo \u00e9 de 20 dias, sujeito \u00e0 multa. Caso contr\u00e1rio, o produto ficar\u00e1 dispon\u00edvel novamente. Vale lembrar tamb\u00e9m que \u00e9 preciso fazer a retirada do lote no local (nesse caso, em Fortaleza) em at\u00e9 30 dias, j\u00e1 que a Receita Federal n\u00e3o se responsabiliza pelo frete.<\/p>\n<p>Outra ponto para se atentar \u00e9 que n\u00e3o ser\u00e3o aceitas devolu\u00e7\u00f5es, ficando para o arrematante quaisquer custos com consertos ou algo do tipo. Os produtos tamb\u00e9m n\u00e3o t\u00eam garantia para cobrir poss\u00edveis defeitos.<\/p>\n<p>Apesar dos pre\u00e7os baixos, \u00e9 sempre bom lembrar que se tratam apenas do valor m\u00ednimo e que dificilmente ser\u00e1 poss\u00edvel arrematar os produtos por esse pre\u00e7o. Antes de entrar no leil\u00e3o, vale estabelecer um teto m\u00e1ximo, levando em conta a quest\u00e3o do custo de transporte e o fato de n\u00e3o ter garantia.<\/p>\n<p>Al\u00e9m disso, \u00e9 preciso se atentar a alguns detalhes burocr\u00e1ticos, como, por exemplo, a necessidade do certificado digital no sistema e-CAC da Receita Federal para participar. Al\u00e9m disso, alguns lotes exigem documenta\u00e7\u00e3o espec\u00edfica para serem retirados, e outros requerem o pagamento de tributos. Por isso, \u00e9 importante, antes de qualquer coisa, ler o edital.<\/p>\n","protected":false},"excerpt":{"rendered":"<p>Apesar dos pre\u00e7os baixos, \u00e9 sempre bom lembrar que se tratam apenas do valor m\u00ednimo e que dificilmente ser\u00e1 poss\u00edvel arrematar os produtos por esse&hellip; <\/p>\n","protected":false},"author":1,"featured_media":74385,"comment_status":"closed","ping_status":"closed","sticky":false,"template":"","format":"standard","meta":{"sfsi_plus_gutenberg_text_before_share":"","sfsi_plus_gutenberg_show_text_before_share":"","sfsi_plus_gutenberg_icon_type":"","sfsi_plus_gutenberg_icon_alignemt":"","sfsi_plus_gutenburg_max_per_row":"","footnotes":""},"categories":[50,2],"tags":[],"class_list":["post-74383","post","type-post","status-publish","format-standard","has-post-thumbnail","hentry","category-destaque","category-geral"],"_links":{"self":[{"href":"https:\/\/www.caririemacao.com\/1\/wp-json\/wp\/v2\/posts\/74383","targetHints":{"allow":["GET"]}}],"collection":[{"href":"https:\/\/www.caririemacao.com\/1\/wp-json\/wp\/v2\/posts"}],"about":[{"href":"https:\/\/www.caririemacao.com\/1\/wp-json\/wp\/v2\/types\/post"}],"author":[{"embeddable":true,"href":"https:\/\/www.caririemacao.com\/1\/wp-json\/wp\/v2\/users\/1"}],"replies":[{"embeddable":true,"href":"https:\/\/www.caririemacao.com\/1\/wp-json\/wp\/v2\/comments?post=74383"}],"version-history":[{"count":1,"href":"https:\/\/www.caririemacao.com\/1\/wp-json\/wp\/v2\/posts\/74383\/revisions"}],"predecessor-version":[{"id":74387,"href":"https:\/\/www.caririemacao.com\/1\/wp-json\/wp\/v2\/posts\/74383\/revisions\/74387"}],"wp:featuredmedia":[{"embeddable":true,"href":"https:\/\/www.caririemacao.com\/1\/wp-json\/wp\/v2\/media\/74385"}],"wp:attachment":[{"href":"https:\/\/www.caririemacao.com\/1\/wp-json\/wp\/v2\/media?parent=74383"}],"wp:term":[{"taxonomy":"category","embeddable":true,"href":"https:\/\/www.caririemacao.com\/1\/wp-json\/wp\/v2\/categories?post=74383"},{"taxonomy":"post_tag","embeddable":true,"href":"https:\/\/www.caririemacao.com\/1\/wp-json\/wp\/v2\/tags?post=74383"}],"curies":[{"name":"wp","href":"https:\/\/api.w.org\/{rel}","templated":true}]}}