{"id":74388,"date":"2018-11-26T11:40:23","date_gmt":"2018-11-26T14:40:23","guid":{"rendered":"http:\/\/www.caririemacao.com\/1\/?p=74388"},"modified":"2018-11-26T11:40:23","modified_gmt":"2018-11-26T14:40:23","slug":"ufcg-abre-inscricoes-para-vestibular-de-letras-libra-com-30-vagas-no-campus-sede","status":"publish","type":"post","link":"https:\/\/www.caririemacao.com\/1\/2018\/11\/26\/ufcg-abre-inscricoes-para-vestibular-de-letras-libra-com-30-vagas-no-campus-sede\/","title":{"rendered":"UFCG abre inscri\u00e7\u00f5es para vestibular de Letras-Libra com 30 vagas no campus sede"},"content":{"rendered":"<p>A Universidade Federal de Campina Grande (UFCG) abre hoje (26), as inscri\u00e7\u00f5es para o vestibular de Letras-Libras com 30 vagas no campus sede.\u00a0Das vagas ofertadas, 22 s\u00e3o para surdos e oito para ouvintes, distribu\u00eddas entre ampla concorr\u00eancia e vagas reservadas pela Lei das Cotas.<\/p>\n<p>Os interessados devem se inscrever at\u00e9 o dia 11 de dezembro, no\u00a0<a href=\"http:\/\/www.comprov.ufcg.edu.br\/\">site\u00a0da Comiss\u00e3o de Processos Vestibulares<\/a>.\u00a0A taxa de inscri\u00e7\u00e3o \u00e9 R$ 70.<\/p>\n<p>O processo seletivo ser\u00e1 realizado atrav\u00e9s de uma prova objetiva, composta por 30 quest\u00f5es (25 de Libras e cinco de L\u00edngua Portuguesa) e uma reda\u00e7\u00e3o em L\u00edngua Portuguesa. O exame acontece no dia 5 de fevereiro de 2019.<\/p>\n<p>No dia 21 de fevereiro ser\u00e1 divulgada a primeira chamada com os nomes dos candidatos classificados. J\u00e1 no dia 25, ser\u00e1 realizado o cadastramento e, no dia 26, a matr\u00edcula. As aulas come\u00e7am no dia 11 de mar\u00e7o.<\/p>\n<p><a href=\"http:\/\/www.comprov.ufcg.edu.br\/files\/Vestibulares\/2019\/libras\/Edital%20PRE%2062-2018%20-%20Vestibular%20Letras%20Libras%202019.1%20-%2020%20de%20Novembro%20de%202018.pdf\">Confira o edital completo<\/a><\/p>\n<p>&nbsp;<\/p>\n<p>ClickPB<\/p>\n","protected":false},"excerpt":{"rendered":"<p>A Universidade Federal de Campina Grande (UFCG) abre hoje (26), as inscri\u00e7\u00f5es para o vestibular de Letras-Libras com 30 vagas no campus sede.\u00a0Das vagas ofertadas,&hellip; <\/p>\n","protected":false},"author":1,"featured_media":36736,"comment_status":"closed","ping_status":"closed","sticky":false,"template":"","format":"standard","meta":{"sfsi_plus_gutenberg_text_before_share":"","sfsi_plus_gutenberg_show_text_before_share":"","sfsi_plus_gutenberg_icon_type":"","sfsi_plus_gutenberg_icon_alignemt":"","sfsi_plus_gutenburg_max_per_row":"","footnotes":""},"categories":[14],"tags":[],"class_list":["post-74388","post","type-post","status-publish","format-standard","has-post-thumbnail","hentry","category-educacao"],"_links":{"self":[{"href":"https:\/\/www.caririemacao.com\/1\/wp-json\/wp\/v2\/posts\/74388","targetHints":{"allow":["GET"]}}],"collection":[{"href":"https:\/\/www.caririemacao.com\/1\/wp-json\/wp\/v2\/posts"}],"about":[{"href":"https:\/\/www.caririemacao.com\/1\/wp-json\/wp\/v2\/types\/post"}],"author":[{"embeddable":true,"href":"https:\/\/www.caririemacao.com\/1\/wp-json\/wp\/v2\/users\/1"}],"replies":[{"embeddable":true,"href":"https:\/\/www.caririemacao.com\/1\/wp-json\/wp\/v2\/comments?post=74388"}],"version-history":[{"count":1,"href":"https:\/\/www.caririemacao.com\/1\/wp-json\/wp\/v2\/posts\/74388\/revisions"}],"predecessor-version":[{"id":74396,"href":"https:\/\/www.caririemacao.com\/1\/wp-json\/wp\/v2\/posts\/74388\/revisions\/74396"}],"wp:featuredmedia":[{"embeddable":true,"href":"https:\/\/www.caririemacao.com\/1\/wp-json\/wp\/v2\/media\/36736"}],"wp:attachment":[{"href":"https:\/\/www.caririemacao.com\/1\/wp-json\/wp\/v2\/media?parent=74388"}],"wp:term":[{"taxonomy":"category","embeddable":true,"href":"https:\/\/www.caririemacao.com\/1\/wp-json\/wp\/v2\/categories?post=74388"},{"taxonomy":"post_tag","embeddable":true,"href":"https:\/\/www.caririemacao.com\/1\/wp-json\/wp\/v2\/tags?post=74388"}],"curies":[{"name":"wp","href":"https:\/\/api.w.org\/{rel}","templated":true}]}}