{"id":74418,"date":"2018-11-26T15:20:26","date_gmt":"2018-11-26T18:20:26","guid":{"rendered":"http:\/\/www.caririemacao.com\/1\/?p=74418"},"modified":"2018-11-26T15:20:26","modified_gmt":"2018-11-26T18:20:26","slug":"mpf-denuncia-lula-por-lavagem-de-dinheiro","status":"publish","type":"post","link":"https:\/\/www.caririemacao.com\/1\/2018\/11\/26\/mpf-denuncia-lula-por-lavagem-de-dinheiro\/","title":{"rendered":"MPF denuncia Lula por lavagem de dinheiro"},"content":{"rendered":"<p>Minist\u00e9rio P\u00fablico Federal (MPF) denunciou o ex-presidente Luiz In\u00e1cio Lula da Silva por lavagem de dinheiro.<\/p>\n<p>Tamb\u00e9m foi alvo da den\u00fancia o controlador do grupo ARG, Rodolfo Giannetti Geo, acusado ainda de tr\u00e1fico de influ\u00eancia.<\/p>\n<p>Segundo os procuradores da Opera\u00e7\u00e3o Lava Jato, Lula recebeu R$ 1 milh\u00e3o do empres\u00e1rio, atrav\u00e9s de uma doa\u00e7\u00e3o para seu instituto, para influenciar as decis\u00f5es do governante da Guin\u00e9 Equatorial, Teodoro Obiang, em favor do grupo brasileiro.<\/p>\n<p>A den\u00fancia est\u00e1 baseada em trocas e-mails envolvendo o ex-ministro do Desenvolvimento do governo Lula Miguel Jorge, a diretora do Instituto Lula, Clara Ant, al\u00e9m de Giannetti Geo.<\/p>\n<p>As provas foram recolhidas durante a busca e apreens\u00e3o realizada na sede do instituto durante a Opera\u00e7\u00e3o Aletheia, 24\u00aa fase da Opera\u00e7\u00e3o Lava Jato, em mar\u00e7o de 2016.<\/p>\n<div id=\"attachment_491551\" class=\"wp-caption aligncenter\"><img decoding=\"async\" class=\"wp-image-491551 size-full lazyload\" data-src=\"https:\/\/paraibaonline.com.br\/wp-content\/uploads\/2018\/08\/lula2308.jpg\" data-srcset=\"https:\/\/paraibaonline.com.br\/wp-content\/uploads\/2018\/08\/lula2308.jpg 1010w, https:\/\/paraibaonline.com.br\/wp-content\/uploads\/2018\/08\/lula2308-567x404.jpg 567w, https:\/\/paraibaonline.com.br\/wp-content\/uploads\/2018\/08\/lula2308-900x642.jpg 900w\" alt=\"Foto: Reprodu\u00e7\u00e3o\/ Internet\" src=\"data:image\/svg+xml;base64,PHN2ZyB3aWR0aD0iMSIgaGVpZ2h0PSIxIiB4bWxucz0iaHR0cDovL3d3dy53My5vcmcvMjAwMC9zdmciPjwvc3ZnPg==\" \/><\/p>\n<p class=\"wp-caption-text\">Foto: Reprodu\u00e7\u00e3o\/ Internet<\/p>\n<\/div>\n<p>Mensagens<br \/>\nEm um e-mail de 5 de outubro de 2011, Miguel Jorge escreveu para Clara Ant dizendo que Lula tinha interesse em conversar com Geo sobre os empreendimentos na Guin\u00e9 Equatorial e que o empres\u00e1rio estava disposto a fazer uma \u201ccontribui\u00e7\u00e3o financeira bastante importante\u201d.<\/p>\n<p>O empres\u00e1rio seria mais tarde o portador de cartas trocadas entre Lula e Obiang, que governa o pa\u00eds desde 1979.<\/p>\n<p>Na mensagem enviada pelo ex-presidente brasileiro em maio de 2012, a ARG \u00e9 mencionada como \u201cempresa que j\u00e1 desde 2007 se familiarizou com a Guin\u00e9 Equatorial, destacando-se na constru\u00e7\u00e3o de estradas\u201d.<\/p>\n<p>Lula diz ainda, no mesmo texto, que acreditava que o pa\u00eds africano passaria a fazer parte da Comunidade de Pa\u00edses de L\u00edngua Portuguesa (CPLP).<\/p>\n<p>De acordo com o MPF, Obiang havia pedido a Lula para que falasse com a ent\u00e3o presidente Dilma Rousseff para facilitar a inclus\u00e3o da Guin\u00e9 na CPLP.<\/p>\n<p>Em junho de 2016, a AGR fez uma doa\u00e7\u00e3o de R$ 1 milh\u00e3o ao Instituto Lula.<\/p>\n<p>Segundo os procuradores, foi o pagamento ao ex-presidente por ter usado sua influ\u00eancia para obter vantagens para o grupo empresarial. Como Lula, tem mais de 70 anos, o crime de tr\u00e1fico de influ\u00eancia prescreveu.<\/p>\n<p>No entanto, o registro como doa\u00e7\u00e3o \u00e9, na den\u00fancia do MPF, uma forma de dissimular o recebimento de recursos de origem ilegal, configurando assim lavagem de dinheiro.<\/p>\n<p>Defesa<br \/>\nEm nota divulgada hoje (26), o advogado de Lula, Cristiano Zanin Martins, classificou a den\u00fancia como \u201ccontinuidade a uma persegui\u00e7\u00e3o pol\u00edtica\u201d.<\/p>\n<p>De acordo com o defensor do ex-presidente, n\u00e3o existem elementos que demonstrem que Lula tenha cometido qualquer ilegalidade.<\/p>\n<p>\u201cA acusa\u00e7\u00e3o foi constru\u00edda com base na ret\u00f3rica, sem apoio em qualquer conduta espec\u00edfica praticada pelo ex-Presidente Lula, que sequer teve a oportunidade de prestar qualquer esclarecimento sobre a vers\u00e3o da den\u00fancia antes do espet\u00e1culo que mais uma vez acompanha uma iniciativa do Minist\u00e9rio P\u00fablico \u2013 aniquilando as garantias constitucionais da presun\u00e7\u00e3o de inoc\u00eancia e do devido processo legal\u201d, diz o comunicado.<\/p>\n<p>O advogado disse ainda que espera que a Justi\u00e7a rejeite a den\u00fancia.<br \/>\nA Ag\u00eancia Brasil n\u00e3o conseguiu contato com a defesa do empres\u00e1rio Rodolfo Giannetti Geo.<\/p>\n","protected":false},"excerpt":{"rendered":"<p>Minist\u00e9rio P\u00fablico Federal (MPF) denunciou o ex-presidente Luiz In\u00e1cio Lula da Silva por lavagem de dinheiro. Tamb\u00e9m foi alvo da den\u00fancia o controlador do grupo&hellip; <\/p>\n","protected":false},"author":1,"featured_media":14131,"comment_status":"closed","ping_status":"closed","sticky":false,"template":"","format":"standard","meta":{"sfsi_plus_gutenberg_text_before_share":"","sfsi_plus_gutenberg_show_text_before_share":"","sfsi_plus_gutenberg_icon_type":"","sfsi_plus_gutenberg_icon_alignemt":"","sfsi_plus_gutenburg_max_per_row":"","footnotes":""},"categories":[11],"tags":[],"class_list":["post-74418","post","type-post","status-publish","format-standard","has-post-thumbnail","hentry","category-politica"],"_links":{"self":[{"href":"https:\/\/www.caririemacao.com\/1\/wp-json\/wp\/v2\/posts\/74418","targetHints":{"allow":["GET"]}}],"collection":[{"href":"https:\/\/www.caririemacao.com\/1\/wp-json\/wp\/v2\/posts"}],"about":[{"href":"https:\/\/www.caririemacao.com\/1\/wp-json\/wp\/v2\/types\/post"}],"author":[{"embeddable":true,"href":"https:\/\/www.caririemacao.com\/1\/wp-json\/wp\/v2\/users\/1"}],"replies":[{"embeddable":true,"href":"https:\/\/www.caririemacao.com\/1\/wp-json\/wp\/v2\/comments?post=74418"}],"version-history":[{"count":1,"href":"https:\/\/www.caririemacao.com\/1\/wp-json\/wp\/v2\/posts\/74418\/revisions"}],"predecessor-version":[{"id":74422,"href":"https:\/\/www.caririemacao.com\/1\/wp-json\/wp\/v2\/posts\/74418\/revisions\/74422"}],"wp:featuredmedia":[{"embeddable":true,"href":"https:\/\/www.caririemacao.com\/1\/wp-json\/wp\/v2\/media\/14131"}],"wp:attachment":[{"href":"https:\/\/www.caririemacao.com\/1\/wp-json\/wp\/v2\/media?parent=74418"}],"wp:term":[{"taxonomy":"category","embeddable":true,"href":"https:\/\/www.caririemacao.com\/1\/wp-json\/wp\/v2\/categories?post=74418"},{"taxonomy":"post_tag","embeddable":true,"href":"https:\/\/www.caririemacao.com\/1\/wp-json\/wp\/v2\/tags?post=74418"}],"curies":[{"name":"wp","href":"https:\/\/api.w.org\/{rel}","templated":true}]}}