{"id":74421,"date":"2018-11-26T15:21:50","date_gmt":"2018-11-26T18:21:50","guid":{"rendered":"http:\/\/www.caririemacao.com\/1\/?p=74421"},"modified":"2018-11-26T15:21:50","modified_gmt":"2018-11-26T18:21:50","slug":"ii-pedal-cc-bike-reune-ciclistas-de-03-estados-nordestinos-em-camalau","status":"publish","type":"post","link":"https:\/\/www.caririemacao.com\/1\/2018\/11\/26\/ii-pedal-cc-bike-reune-ciclistas-de-03-estados-nordestinos-em-camalau\/","title":{"rendered":"II Pedal CC Bike re\u00fane ciclistas de 03 estados nordestinos em Camala\u00fa"},"content":{"rendered":"<p>A cidade de Camala\u00fa se tornou, neste de final de semana, sede de grandes eventos, o munic\u00edpio al\u00e9m de sediar o concurso de beleza Mister e Miss Cariri 2019, tamb\u00e9m foi palco do Pedal CC Bike. O evento, j\u00e1 em sua 2\u00aa edi\u00e7\u00e3o, se consagrou como um dos melhores eventos de ciclismo da Para\u00edba.<\/p>\n<p><img fetchpriority=\"high\" decoding=\"async\" class=\"aligncenter wp-image-74407 size-full\" src=\"http:\/\/www.caririemacao.com\/1\/wp-content\/uploads\/2018\/11\/Pedal-02-35-20181125.jpg\" alt=\"\" width=\"1600\" height=\"1067\" srcset=\"https:\/\/www.caririemacao.com\/1\/wp-content\/uploads\/2018\/11\/Pedal-02-35-20181125.jpg 1600w, https:\/\/www.caririemacao.com\/1\/wp-content\/uploads\/2018\/11\/Pedal-02-35-20181125-300x200.jpg 300w, https:\/\/www.caririemacao.com\/1\/wp-content\/uploads\/2018\/11\/Pedal-02-35-20181125-768x512.jpg 768w, https:\/\/www.caririemacao.com\/1\/wp-content\/uploads\/2018\/11\/Pedal-02-35-20181125-1024x683.jpg 1024w\" sizes=\"(max-width: 1600px) 100vw, 1600px\" \/><\/p>\n<p>O II Pedal CC Bike teve in\u00edcio na noite do s\u00e1bado (24) com acolhida de centenas de ciclistas dos estados vizinho de Pernambuco e Rio Grande do Norte, bem como, das mais diversas cidades paraibanas. O evento se entendeu durante todo o domingo (26).<\/p>\n<p><img decoding=\"async\" class=\"aligncenter wp-image-74413 size-full lazyload\" data-src=\"http:\/\/www.caririemacao.com\/1\/wp-content\/uploads\/2018\/11\/Pedal-03-17-20181125.jpg\" alt=\"\" width=\"1600\" height=\"1067\" data-srcset=\"https:\/\/www.caririemacao.com\/1\/wp-content\/uploads\/2018\/11\/Pedal-03-17-20181125.jpg 1600w, https:\/\/www.caririemacao.com\/1\/wp-content\/uploads\/2018\/11\/Pedal-03-17-20181125-300x200.jpg 300w, https:\/\/www.caririemacao.com\/1\/wp-content\/uploads\/2018\/11\/Pedal-03-17-20181125-768x512.jpg 768w, https:\/\/www.caririemacao.com\/1\/wp-content\/uploads\/2018\/11\/Pedal-03-17-20181125-1024x683.jpg 1024w\" data-sizes=\"(max-width: 1600px) 100vw, 1600px\" src=\"data:image\/svg+xml;base64,PHN2ZyB3aWR0aD0iMSIgaGVpZ2h0PSIxIiB4bWxucz0iaHR0cDovL3d3dy53My5vcmcvMjAwMC9zdmciPjwvc3ZnPg==\" style=\"--smush-placeholder-width: 1600px; --smush-placeholder-aspect-ratio: 1600\/1067;\" \/><\/p>\n<p>Promovido pelo grupo de ciclistas camalauenses, o CC Bike, coordenado por Cl\u00e9cia, organizou toda estrutura que chamou aten\u00e7\u00e3o dos participantes, fato que foi motivo de v\u00e1rios elogios.<\/p>\n<p><img decoding=\"async\" class=\"aligncenter wp-image-74410 size-full lazyload\" data-src=\"http:\/\/www.caririemacao.com\/1\/wp-content\/uploads\/2018\/11\/Pedal-02-162-20181125.jpg\" alt=\"\" width=\"1600\" height=\"1067\" data-srcset=\"https:\/\/www.caririemacao.com\/1\/wp-content\/uploads\/2018\/11\/Pedal-02-162-20181125.jpg 1600w, https:\/\/www.caririemacao.com\/1\/wp-content\/uploads\/2018\/11\/Pedal-02-162-20181125-300x200.jpg 300w, https:\/\/www.caririemacao.com\/1\/wp-content\/uploads\/2018\/11\/Pedal-02-162-20181125-768x512.jpg 768w, https:\/\/www.caririemacao.com\/1\/wp-content\/uploads\/2018\/11\/Pedal-02-162-20181125-1024x683.jpg 1024w\" data-sizes=\"(max-width: 1600px) 100vw, 1600px\" src=\"data:image\/svg+xml;base64,PHN2ZyB3aWR0aD0iMSIgaGVpZ2h0PSIxIiB4bWxucz0iaHR0cDovL3d3dy53My5vcmcvMjAwMC9zdmciPjwvc3ZnPg==\" style=\"--smush-placeholder-width: 1600px; --smush-placeholder-aspect-ratio: 1600\/1067;\" \/><\/p>\n<p>Os participantes percorreram cerca de 40 km, com quatro pontos de parada para hidrata\u00e7\u00e3o, al\u00e9m de caf\u00e9, almo\u00e7o e janta.<\/p>\n<p><img decoding=\"async\" class=\"alignnone wp-image-74408 size-full lazyload\" data-src=\"http:\/\/www.caririemacao.com\/1\/wp-content\/uploads\/2018\/11\/Pedal-02-68-20181125.jpg\" alt=\"\" width=\"1600\" height=\"1067\" data-srcset=\"https:\/\/www.caririemacao.com\/1\/wp-content\/uploads\/2018\/11\/Pedal-02-68-20181125.jpg 1600w, https:\/\/www.caririemacao.com\/1\/wp-content\/uploads\/2018\/11\/Pedal-02-68-20181125-300x200.jpg 300w, https:\/\/www.caririemacao.com\/1\/wp-content\/uploads\/2018\/11\/Pedal-02-68-20181125-768x512.jpg 768w, https:\/\/www.caririemacao.com\/1\/wp-content\/uploads\/2018\/11\/Pedal-02-68-20181125-1024x683.jpg 1024w\" data-sizes=\"(max-width: 1600px) 100vw, 1600px\" src=\"data:image\/svg+xml;base64,PHN2ZyB3aWR0aD0iMSIgaGVpZ2h0PSIxIiB4bWxucz0iaHR0cDovL3d3dy53My5vcmcvMjAwMC9zdmciPjwvc3ZnPg==\" style=\"--smush-placeholder-width: 1600px; --smush-placeholder-aspect-ratio: 1600\/1067;\" \/><\/p>\n<p>Antes de come\u00e7ar o percurso, os atletas receberam a ben\u00e7\u00e3o especial que foi dada pelo Pe. Edinaldo Gomes, momento onde os participantes puderam pedir a prote\u00e7\u00e3o dos C\u00e9us.<\/p>\n<p><img decoding=\"async\" class=\"aligncenter wp-image-74411 size-full lazyload\" data-src=\"http:\/\/www.caririemacao.com\/1\/wp-content\/uploads\/2018\/11\/Pedal-02-171-20181125.jpg\" alt=\"\" width=\"1600\" height=\"1067\" data-srcset=\"https:\/\/www.caririemacao.com\/1\/wp-content\/uploads\/2018\/11\/Pedal-02-171-20181125.jpg 1600w, https:\/\/www.caririemacao.com\/1\/wp-content\/uploads\/2018\/11\/Pedal-02-171-20181125-300x200.jpg 300w, https:\/\/www.caririemacao.com\/1\/wp-content\/uploads\/2018\/11\/Pedal-02-171-20181125-768x512.jpg 768w, https:\/\/www.caririemacao.com\/1\/wp-content\/uploads\/2018\/11\/Pedal-02-171-20181125-1024x683.jpg 1024w\" data-sizes=\"(max-width: 1600px) 100vw, 1600px\" src=\"data:image\/svg+xml;base64,PHN2ZyB3aWR0aD0iMSIgaGVpZ2h0PSIxIiB4bWxucz0iaHR0cDovL3d3dy53My5vcmcvMjAwMC9zdmciPjwvc3ZnPg==\" style=\"--smush-placeholder-width: 1600px; --smush-placeholder-aspect-ratio: 1600\/1067;\" \/><\/p>\n<p>Esteve participando do evento, o prefeito do munic\u00edpio, Sandro Moco, o seu vice- Ezequiel, os vereadores C\u00e9lio Moco e Bhira Mariano. O evento tamb\u00e9m contou com o apoio da Prefeitura de Camala\u00fa.<\/p>\n<h2 style=\"text-align: center;\"><a href=\"https:\/\/www.facebook.com\/pg\/CaririEmAcao\/photos\/?tab=album&amp;album_id=1414857821983570\">Veja fotos\/2\u00ba Pedal CC Bike de Camala\u00fa- PB<\/a><\/h2>\n<p><div class=\"ose- ose-uid-383c6dc9cd1697a163764b19c67ddd57 ose-embedpress-responsive\" style=\"width:600px; height:550px; max-height:550px; max-width:100%; display:inline-block;\" data-embed-type=\"Facebook\"><iframe allowFullScreen=\"true\" class=\"embera-facebook-iframe-76025 lazyload\" data-src=\"https:\/\/www.facebook.com\/plugins\/post.php?href=https%3A%2F%2Fwww.facebook.com%2Fmedia%2Fset%2F%3Fset%3Da.1414857821983570%26%23038%3Btype%3D1%26%23038%3Bl%3Dfe967f1141&width=600&height=550&show_text=true\" width=\"600\" height=\"550\" style=\"border:none;overflow:hidden\" scrolling=\"no\" frameborder=\"0\" allowTransparency=\"true\" src=\"data:image\/svg+xml;base64,PHN2ZyB3aWR0aD0iMSIgaGVpZ2h0PSIxIiB4bWxucz0iaHR0cDovL3d3dy53My5vcmcvMjAwMC9zdmciPjwvc3ZnPg==\" data-load-mode=\"1\"><\/iframe><\/div><\/p>\n<p style=\"text-align: right;\"><em><strong>Reda\u00e7\u00e3o Cariri em A\u00e7\u00e3o\u00a0<\/strong><\/em><\/p>\n","protected":false},"excerpt":{"rendered":"<p>A cidade de Camala\u00fa se tornou, neste de final de semana, sede de grandes eventos, o munic\u00edpio al\u00e9m de sediar o concurso de beleza Mister&hellip; <\/p>\n","protected":false},"author":1,"featured_media":74409,"comment_status":"closed","ping_status":"closed","sticky":false,"template":"","format":"standard","meta":{"sfsi_plus_gutenberg_text_before_share":"","sfsi_plus_gutenberg_show_text_before_share":"","sfsi_plus_gutenberg_icon_type":"","sfsi_plus_gutenberg_icon_alignemt":"","sfsi_plus_gutenburg_max_per_row":"","footnotes":""},"categories":[50,2],"tags":[],"class_list":["post-74421","post","type-post","status-publish","format-standard","has-post-thumbnail","hentry","category-destaque","category-geral"],"_links":{"self":[{"href":"https:\/\/www.caririemacao.com\/1\/wp-json\/wp\/v2\/posts\/74421","targetHints":{"allow":["GET"]}}],"collection":[{"href":"https:\/\/www.caririemacao.com\/1\/wp-json\/wp\/v2\/posts"}],"about":[{"href":"https:\/\/www.caririemacao.com\/1\/wp-json\/wp\/v2\/types\/post"}],"author":[{"embeddable":true,"href":"https:\/\/www.caririemacao.com\/1\/wp-json\/wp\/v2\/users\/1"}],"replies":[{"embeddable":true,"href":"https:\/\/www.caririemacao.com\/1\/wp-json\/wp\/v2\/comments?post=74421"}],"version-history":[{"count":1,"href":"https:\/\/www.caririemacao.com\/1\/wp-json\/wp\/v2\/posts\/74421\/revisions"}],"predecessor-version":[{"id":74423,"href":"https:\/\/www.caririemacao.com\/1\/wp-json\/wp\/v2\/posts\/74421\/revisions\/74423"}],"wp:featuredmedia":[{"embeddable":true,"href":"https:\/\/www.caririemacao.com\/1\/wp-json\/wp\/v2\/media\/74409"}],"wp:attachment":[{"href":"https:\/\/www.caririemacao.com\/1\/wp-json\/wp\/v2\/media?parent=74421"}],"wp:term":[{"taxonomy":"category","embeddable":true,"href":"https:\/\/www.caririemacao.com\/1\/wp-json\/wp\/v2\/categories?post=74421"},{"taxonomy":"post_tag","embeddable":true,"href":"https:\/\/www.caririemacao.com\/1\/wp-json\/wp\/v2\/tags?post=74421"}],"curies":[{"name":"wp","href":"https:\/\/api.w.org\/{rel}","templated":true}]}}