{"id":74424,"date":"2018-11-26T15:27:18","date_gmt":"2018-11-26T18:27:18","guid":{"rendered":"http:\/\/www.caririemacao.com\/1\/?p=74424"},"modified":"2018-11-26T15:27:18","modified_gmt":"2018-11-26T18:27:18","slug":"jogos-escolares-da-juventude-paraiba-encerra-participacao-com-12-medalhas","status":"publish","type":"post","link":"https:\/\/www.caririemacao.com\/1\/2018\/11\/26\/jogos-escolares-da-juventude-paraiba-encerra-participacao-com-12-medalhas\/","title":{"rendered":"Jogos Escolares da Juventude: Para\u00edba encerra participa\u00e7\u00e3o com 12 medalhas"},"content":{"rendered":"<p><!------------------->\u00a0\u00a0\u00a0\u00a0\u00a0\u00a0\u00a0<!--banner-editoria-->\u00a0\u00a0\u00a0\u00a0\u00a0\u00a0\u00a0<!------------------->\u00a0\u00a0\u00a0\u00a0\u00a0\u00a0\u00a0\u00a0\u00a0\u00a0\u00a0\u00a0\u00a0<!------------------->\u00a0\u00a0\u00a0\u00a0\u00a0\u00a0\u00a0<!-------fim--------->\u00a0\u00a0\u00a0\u00a0\u00a0\u00a0\u00a0<!------------------->\u00a0\u00a0\u00a0\u00a0\u00a0\u00a0\u00a0\u00a0\u00a0\u00a0\u00a0\u00a0<!--conte\u00fado--><\/p>\n<div class=\"content\">\n<p>Mais uma grande participa\u00e7\u00e3o da delega\u00e7\u00e3o da Para\u00edba nos Jogos Escolares da Juventude. Nesta edi\u00e7\u00e3o de 2018, o evento realizado pelo Comit\u00ea Ol\u00edmpico do Brasil (COB) ocorreu em Natal (RN) no per\u00edodo de 12 a 25 deste m\u00eas de novembro e os paraibanos conseguiram 12 medalhas no total, sendo quatro de prata e oito de bronze.<\/p>\n<div id=\"attachment_530862\" class=\"wp-caption aligncenter\"><img decoding=\"async\" class=\"wp-image-530862 size-full lazyload\" data-src=\"https:\/\/paraibaonline.com.br\/wp-content\/uploads\/2018\/11\/jej2611a.jpg\" data-srcset=\"https:\/\/paraibaonline.com.br\/wp-content\/uploads\/2018\/11\/jej2611a.jpg 960w, https:\/\/paraibaonline.com.br\/wp-content\/uploads\/2018\/11\/jej2611a-556x417.jpg 556w, https:\/\/paraibaonline.com.br\/wp-content\/uploads\/2018\/11\/jej2611a-883x662.jpg 883w, https:\/\/paraibaonline.com.br\/wp-content\/uploads\/2018\/11\/jej2611a-800x600.jpg 800w\" alt=\"Foto: Secom\/PB\" src=\"data:image\/svg+xml;base64,PHN2ZyB3aWR0aD0iMSIgaGVpZ2h0PSIxIiB4bWxucz0iaHR0cDovL3d3dy53My5vcmcvMjAwMC9zdmciPjwvc3ZnPg==\" \/><\/p>\n<p class=\"wp-caption-text\">Foto: Secom\/PB<\/p>\n<\/div>\n<p>As quatro de prata foram conquistadas na nata\u00e7\u00e3o e na luta ol\u00edmpica com Daniel Azevedo (12 a 14 anos na prova dos 50 metros nado costas) e Ana Beatriz (15-17 nos 50 metros borboleta). J\u00e1 na luta, Kailane Souza (12-14 na categoria at\u00e9 53 quilos) e Gabriel Ferreira (12-14 na categoria peso leve). J\u00e1 as de bronze vieram nas modalidades de jud\u00f4, v\u00f4lei de praia, gin\u00e1stica r\u00edtmica e tamb\u00e9m na nata\u00e7\u00e3o e luta ol\u00edmpica. No jud\u00f4, Ana L\u00edvia (15-17 na categoria peso m\u00e9dio); Beatriz Vilar (at\u00e9 52 quilos) e Henry Cabral (12-14 na leve).<\/p>\n<div id=\"attachment_530864\" class=\"wp-caption aligncenter\"><img decoding=\"async\" class=\"wp-image-530864 size-full lazyload\" data-src=\"https:\/\/paraibaonline.com.br\/wp-content\/uploads\/2018\/11\/jej2611b.jpg\" data-srcset=\"https:\/\/paraibaonline.com.br\/wp-content\/uploads\/2018\/11\/jej2611b.jpg 960w, https:\/\/paraibaonline.com.br\/wp-content\/uploads\/2018\/11\/jej2611b-556x417.jpg 556w, https:\/\/paraibaonline.com.br\/wp-content\/uploads\/2018\/11\/jej2611b-883x662.jpg 883w, https:\/\/paraibaonline.com.br\/wp-content\/uploads\/2018\/11\/jej2611b-800x600.jpg 800w\" alt=\"Foto: Secom\/PB\" src=\"data:image\/svg+xml;base64,PHN2ZyB3aWR0aD0iMSIgaGVpZ2h0PSIxIiB4bWxucz0iaHR0cDovL3d3dy53My5vcmcvMjAwMC9zdmciPjwvc3ZnPg==\" \/><\/p>\n<p class=\"wp-caption-text\">Foto: Secom\/PB<\/p>\n<\/div>\n<p>A luta ol\u00edmpica levou o bronze por equipe (12-14), enquanto no v\u00f4lei de praia com a dupla Pablo e Thi\u00eago, al\u00e9m da gin\u00e1stica r\u00edtmica, com Ma\u00edra Myashita. Pela nata\u00e7\u00e3o, os terceiros lugares foram com: Ana Beatriz, que subiu no p\u00f3dio dos 50 metros borboleta (15-17) e ainda Maria Eduarda (12-14) na prova dos 100 metros borboleta.<\/p>\n<p>\u201cA for\u00e7a da Para\u00edba no esporte, mais uma vez, foi comprovada, pois diante de tantos estados competindo, foram 12 medalhas no principal evento do desporto escolar da Am\u00e9rica Latina. De parab\u00e9ns todos atletas por trazerem na bagagem esse quantitativo que fez representar t\u00e3o bem o estado em mais uma edi\u00e7\u00e3o dos Jogos Escolares da Juventude\u201d, comemorou o secret\u00e1rio Executivo de Esporte e Lazer, Jos\u00e9 Marco.<\/p>\n<\/div>\n<p>Secom\/PB<\/p>\n","protected":false},"excerpt":{"rendered":"<p>\u00a0\u00a0\u00a0\u00a0\u00a0\u00a0\u00a0\u00a0\u00a0\u00a0\u00a0\u00a0\u00a0\u00a0\u00a0\u00a0\u00a0\u00a0\u00a0\u00a0\u00a0\u00a0\u00a0\u00a0\u00a0\u00a0\u00a0\u00a0\u00a0\u00a0\u00a0\u00a0\u00a0\u00a0\u00a0\u00a0\u00a0\u00a0\u00a0\u00a0\u00a0\u00a0\u00a0\u00a0\u00a0\u00a0\u00a0\u00a0\u00a0\u00a0\u00a0\u00a0\u00a0 Mais uma grande participa\u00e7\u00e3o da delega\u00e7\u00e3o da Para\u00edba nos Jogos Escolares da Juventude. Nesta edi\u00e7\u00e3o de 2018, o evento realizado pelo Comit\u00ea Ol\u00edmpico do&hellip; <\/p>\n","protected":false},"author":1,"featured_media":74425,"comment_status":"closed","ping_status":"closed","sticky":false,"template":"","format":"standard","meta":{"sfsi_plus_gutenberg_text_before_share":"","sfsi_plus_gutenberg_show_text_before_share":"","sfsi_plus_gutenberg_icon_type":"","sfsi_plus_gutenberg_icon_alignemt":"","sfsi_plus_gutenburg_max_per_row":"","footnotes":""},"categories":[14],"tags":[],"class_list":["post-74424","post","type-post","status-publish","format-standard","has-post-thumbnail","hentry","category-educacao"],"_links":{"self":[{"href":"https:\/\/www.caririemacao.com\/1\/wp-json\/wp\/v2\/posts\/74424","targetHints":{"allow":["GET"]}}],"collection":[{"href":"https:\/\/www.caririemacao.com\/1\/wp-json\/wp\/v2\/posts"}],"about":[{"href":"https:\/\/www.caririemacao.com\/1\/wp-json\/wp\/v2\/types\/post"}],"author":[{"embeddable":true,"href":"https:\/\/www.caririemacao.com\/1\/wp-json\/wp\/v2\/users\/1"}],"replies":[{"embeddable":true,"href":"https:\/\/www.caririemacao.com\/1\/wp-json\/wp\/v2\/comments?post=74424"}],"version-history":[{"count":1,"href":"https:\/\/www.caririemacao.com\/1\/wp-json\/wp\/v2\/posts\/74424\/revisions"}],"predecessor-version":[{"id":74426,"href":"https:\/\/www.caririemacao.com\/1\/wp-json\/wp\/v2\/posts\/74424\/revisions\/74426"}],"wp:featuredmedia":[{"embeddable":true,"href":"https:\/\/www.caririemacao.com\/1\/wp-json\/wp\/v2\/media\/74425"}],"wp:attachment":[{"href":"https:\/\/www.caririemacao.com\/1\/wp-json\/wp\/v2\/media?parent=74424"}],"wp:term":[{"taxonomy":"category","embeddable":true,"href":"https:\/\/www.caririemacao.com\/1\/wp-json\/wp\/v2\/categories?post=74424"},{"taxonomy":"post_tag","embeddable":true,"href":"https:\/\/www.caririemacao.com\/1\/wp-json\/wp\/v2\/tags?post=74424"}],"curies":[{"name":"wp","href":"https:\/\/api.w.org\/{rel}","templated":true}]}}