{"id":74427,"date":"2018-11-26T15:35:26","date_gmt":"2018-11-26T18:35:26","guid":{"rendered":"http:\/\/www.caririemacao.com\/1\/?p=74427"},"modified":"2018-11-26T15:35:26","modified_gmt":"2018-11-26T18:35:26","slug":"senador-eleito-diz-que-falta-de-manutencao-ocasionou-incendio-em-upa-de-campina","status":"publish","type":"post","link":"https:\/\/www.caririemacao.com\/1\/2018\/11\/26\/senador-eleito-diz-que-falta-de-manutencao-ocasionou-incendio-em-upa-de-campina\/","title":{"rendered":"Senador eleito diz que falta de manuten\u00e7\u00e3o ocasionou inc\u00eandio em UPA de Campina"},"content":{"rendered":"<p>O senador eleito Veneziano Vital do R\u00eago (PSB) comentou sobre a Unidade de Pronto Atendimento (UPA) localizada no bairro Dinam\u00e9rica, em Campina Grande, ter enfrentado um princ\u00edpio de inc\u00eandio na \u00faltima sexta-feira (23).<\/p>\n<p>O parlamentar acredita que o inc\u00eandio ocorreu por falta de manuten\u00e7\u00e3o dos equipamentos da unidade.<\/p>\n<p>\u2013 Esse problema que ocorreu na UPA, lastim\u00e1vel e deplor\u00e1vel, terminou ceifando a vida de duas pessoas em raz\u00e3o da p\u00e9ssima manuten\u00e7\u00e3o dos equipamentos. Se houver uma investiga\u00e7\u00e3o s\u00e9ria se verificar\u00e1 que o inc\u00eandio que ocorreu na UPA porte II, e que h\u00e1 dois anos ocorreu tamb\u00e9m no Hospital Pedro I, n\u00e3o \u00e9 sen\u00e3o a falta de manuten\u00e7\u00e3o. A sa\u00fade p\u00fablica em Campina Grande acabou. Se n\u00e3o fosse a exist\u00eancia e a presen\u00e7a do Hospital de Trauma, fazendo \u00e0s vezes tamb\u00e9m de aten\u00e7\u00e3o b\u00e1sica, n\u00e3o ter\u00edamos a quem recorrer \u2013 criticou.<\/p>\n<p>As informa\u00e7\u00f5es foram veiculadas na R\u00e1dio Caturit\u00e9 FM.<\/p>\n<p style=\"text-align: right;\"><em><strong>Para\u00edba online<\/strong><\/em><\/p>\n","protected":false},"excerpt":{"rendered":"<p>O senador eleito Veneziano Vital do R\u00eago (PSB) comentou sobre a Unidade de Pronto Atendimento (UPA) localizada no bairro Dinam\u00e9rica, em Campina Grande, ter enfrentado&hellip; <\/p>\n","protected":false},"author":1,"featured_media":34645,"comment_status":"closed","ping_status":"closed","sticky":false,"template":"","format":"standard","meta":{"sfsi_plus_gutenberg_text_before_share":"","sfsi_plus_gutenberg_show_text_before_share":"","sfsi_plus_gutenberg_icon_type":"","sfsi_plus_gutenberg_icon_alignemt":"","sfsi_plus_gutenburg_max_per_row":"","footnotes":""},"categories":[11],"tags":[],"class_list":["post-74427","post","type-post","status-publish","format-standard","has-post-thumbnail","hentry","category-politica"],"_links":{"self":[{"href":"https:\/\/www.caririemacao.com\/1\/wp-json\/wp\/v2\/posts\/74427","targetHints":{"allow":["GET"]}}],"collection":[{"href":"https:\/\/www.caririemacao.com\/1\/wp-json\/wp\/v2\/posts"}],"about":[{"href":"https:\/\/www.caririemacao.com\/1\/wp-json\/wp\/v2\/types\/post"}],"author":[{"embeddable":true,"href":"https:\/\/www.caririemacao.com\/1\/wp-json\/wp\/v2\/users\/1"}],"replies":[{"embeddable":true,"href":"https:\/\/www.caririemacao.com\/1\/wp-json\/wp\/v2\/comments?post=74427"}],"version-history":[{"count":1,"href":"https:\/\/www.caririemacao.com\/1\/wp-json\/wp\/v2\/posts\/74427\/revisions"}],"predecessor-version":[{"id":74433,"href":"https:\/\/www.caririemacao.com\/1\/wp-json\/wp\/v2\/posts\/74427\/revisions\/74433"}],"wp:featuredmedia":[{"embeddable":true,"href":"https:\/\/www.caririemacao.com\/1\/wp-json\/wp\/v2\/media\/34645"}],"wp:attachment":[{"href":"https:\/\/www.caririemacao.com\/1\/wp-json\/wp\/v2\/media?parent=74427"}],"wp:term":[{"taxonomy":"category","embeddable":true,"href":"https:\/\/www.caririemacao.com\/1\/wp-json\/wp\/v2\/categories?post=74427"},{"taxonomy":"post_tag","embeddable":true,"href":"https:\/\/www.caririemacao.com\/1\/wp-json\/wp\/v2\/tags?post=74427"}],"curies":[{"name":"wp","href":"https:\/\/api.w.org\/{rel}","templated":true}]}}