{"id":74440,"date":"2018-11-26T16:10:04","date_gmt":"2018-11-26T19:10:04","guid":{"rendered":"http:\/\/www.caririemacao.com\/1\/?p=74440"},"modified":"2018-11-26T16:10:04","modified_gmt":"2018-11-26T19:10:04","slug":"paraiba-recebera-54-milhoes-para-implementar-educacao-em-tempo-integral","status":"publish","type":"post","link":"https:\/\/www.caririemacao.com\/1\/2018\/11\/26\/paraiba-recebera-54-milhoes-para-implementar-educacao-em-tempo-integral\/","title":{"rendered":"Para\u00edba receber\u00e1 5,4 milh\u00f5es para implementar educa\u00e7\u00e3o em tempo integral"},"content":{"rendered":"<p>O Minist\u00e9rio da Educa\u00e7\u00e3o (MEC) autorizou a transfer\u00eancia de recursos para estados implementarem a educa\u00e7\u00e3o em tempo integral no ensino m\u00e9dio. Ao todo, ser\u00e3o liberados R$ 99 milh\u00f5es distribu\u00eddos entre todos os estados e o Distrito Federal, com exce\u00e7\u00e3o do Mato Grosso. A Para\u00edba receber\u00e1 R$ 5.411.423,23.<\/p>\n<p>A libera\u00e7\u00e3o foi feita, no \u00e2mbito do Programa de Fomento \u00e0s Escolas de Ensino M\u00e9dio em Tempo Integral, para complementar o pagamento da primeira parcela de recursos correspondentes ao ano de 2019 . Os estados precisaram encaminhar planos de trabalho e a indicar escolas onde o ensino em tempo integral ser\u00e1 implementado.<\/p>\n<p><a href=\"http:\/\/portal.imprensanacional.gov.br\/web\/guest\/materia\/-\/asset_publisher\/Kujrw0TZC2Mb\/content\/id\/51773342\/do1-2018-11-26-portaria-n-1-245-de-23-de-novembro-de-2018-51773162\" target=\"true\">Veja a Portaria com a autoriza\u00e7\u00e3o de libera\u00e7\u00e3o dos recursos para o estado da Para\u00edba e para os demais<\/a><\/p>\n<p>O dinheiro do programa pode ser usado, entre outras coisas, para remunera\u00e7\u00e3o e aperfei\u00e7oamento de professores e dos demais profissionais da educa\u00e7\u00e3o; para aquisi\u00e7\u00e3o, manuten\u00e7\u00e3o, constru\u00e7\u00e3o e conserva\u00e7\u00e3o de instala\u00e7\u00f5es e equipamentos necess\u00e1rios ao ensino; aquisi\u00e7\u00e3o de material did\u00e1tico-escolar e manuten\u00e7\u00e3o de programas de transporte escolar.<\/p>\n<p><strong>Tempo integral<\/strong><\/p>\n<p>O programa busca viabilizar uma das a\u00e7\u00f5es previstas no novo ensino m\u00e9dio, aprovado em lei em 2017, de ampliar a educa\u00e7\u00e3o em tempo integral. Os estudantes passam a participar de atividades na escola 7h por dia e n\u00e3o mais 5h ou 4h, como ocorre atualmente na maioria das escolas.<\/p>\n<p>A proposta \u00e9 seguir iniciativas bem-sucedidas de implanta\u00e7\u00e3o do ensino integral em alguns estados, como Pernambuco, e atender aos objetivos do Plano Nacional de Educa\u00e7\u00e3o (PNE).<\/p>\n<p>Uma das metas do PNE \u00e9 oferecer educa\u00e7\u00e3o em tempo integral em, no m\u00ednimo, 50% das escolas p\u00fablicas, de forma a atender, pelo menos, 25% dos alunos da educa\u00e7\u00e3o b\u00e1sica at\u00e9 2024. Atualmente, a educa\u00e7\u00e3o tem tempo integral chega a 40,1% das escolas p\u00fablicas e atende a 15,5% das matr\u00edculas. Considerando apenas o ensino m\u00e9dio, a porcentagem \u00e9 menor, 17,4% das escolas oferecem educa\u00e7\u00e3o em tempo integral.<\/p>\n<p>&nbsp;<\/p>\n<p>Ag\u00eancia Brasil<\/p>\n","protected":false},"excerpt":{"rendered":"<p>O Minist\u00e9rio da Educa\u00e7\u00e3o (MEC) autorizou a transfer\u00eancia de recursos para estados implementarem a educa\u00e7\u00e3o em tempo integral no ensino m\u00e9dio. Ao todo, ser\u00e3o liberados&hellip; <\/p>\n","protected":false},"author":1,"featured_media":74441,"comment_status":"closed","ping_status":"closed","sticky":false,"template":"","format":"standard","meta":{"sfsi_plus_gutenberg_text_before_share":"","sfsi_plus_gutenberg_show_text_before_share":"","sfsi_plus_gutenberg_icon_type":"","sfsi_plus_gutenberg_icon_alignemt":"","sfsi_plus_gutenburg_max_per_row":"","footnotes":""},"categories":[2],"tags":[],"class_list":["post-74440","post","type-post","status-publish","format-standard","has-post-thumbnail","hentry","category-geral"],"_links":{"self":[{"href":"https:\/\/www.caririemacao.com\/1\/wp-json\/wp\/v2\/posts\/74440","targetHints":{"allow":["GET"]}}],"collection":[{"href":"https:\/\/www.caririemacao.com\/1\/wp-json\/wp\/v2\/posts"}],"about":[{"href":"https:\/\/www.caririemacao.com\/1\/wp-json\/wp\/v2\/types\/post"}],"author":[{"embeddable":true,"href":"https:\/\/www.caririemacao.com\/1\/wp-json\/wp\/v2\/users\/1"}],"replies":[{"embeddable":true,"href":"https:\/\/www.caririemacao.com\/1\/wp-json\/wp\/v2\/comments?post=74440"}],"version-history":[{"count":1,"href":"https:\/\/www.caririemacao.com\/1\/wp-json\/wp\/v2\/posts\/74440\/revisions"}],"predecessor-version":[{"id":74442,"href":"https:\/\/www.caririemacao.com\/1\/wp-json\/wp\/v2\/posts\/74440\/revisions\/74442"}],"wp:featuredmedia":[{"embeddable":true,"href":"https:\/\/www.caririemacao.com\/1\/wp-json\/wp\/v2\/media\/74441"}],"wp:attachment":[{"href":"https:\/\/www.caririemacao.com\/1\/wp-json\/wp\/v2\/media?parent=74440"}],"wp:term":[{"taxonomy":"category","embeddable":true,"href":"https:\/\/www.caririemacao.com\/1\/wp-json\/wp\/v2\/categories?post=74440"},{"taxonomy":"post_tag","embeddable":true,"href":"https:\/\/www.caririemacao.com\/1\/wp-json\/wp\/v2\/tags?post=74440"}],"curies":[{"name":"wp","href":"https:\/\/api.w.org\/{rel}","templated":true}]}}