{"id":74443,"date":"2018-11-26T16:16:58","date_gmt":"2018-11-26T19:16:58","guid":{"rendered":"http:\/\/www.caririemacao.com\/1\/?p=74443"},"modified":"2018-11-26T16:16:58","modified_gmt":"2018-11-26T19:16:58","slug":"brasil-piora-e-ja-e-o-9o-do-ranking-global-de-desigualdade-de-renda","status":"publish","type":"post","link":"https:\/\/www.caririemacao.com\/1\/2018\/11\/26\/brasil-piora-e-ja-e-o-9o-do-ranking-global-de-desigualdade-de-renda\/","title":{"rendered":"Brasil piora e j\u00e1 \u00e9 o 9\u00ba do ranking global de desigualdade de renda"},"content":{"rendered":"<p>A edi\u00e7\u00e3o 2018 do relat\u00f3rio da Oxfam Brasil &#8220;Pa\u00eds estagnado: um retrato das desigualdades brasileiras&#8221;, divulgado nesta segunda-feira, mostra que, globalmente, o Brasil piorou seu desempenho em rela\u00e7\u00e3o \u00e0 busca por igualdade de renda. O pa\u00eds j\u00e1 \u00e9 o 9\u00ba mais desigual do planeta. Um ano antes, em 2016, ocupava a 10\u00aa posi\u00e7\u00e3o.<\/p>\n<div class=\"green-area t-left t-cont text-center\">\n<div class=\"anuncio\">\n<div id=\"div-gpt-ad-1493386374551-0\" data-google-query-id=\"CKO0q8Li8t4CFQXXWwodYpIBOg\">\n<div id=\"google_ads_iframe_\/21685702823\/New_Sec_Conteudo_0__container__\">&#8211; Nosso relat\u00f3rio n\u00e3o s\u00f3 revela que o pa\u00eds estagnou em rela\u00e7\u00e3o \u00e0 redu\u00e7\u00e3o das desigualdades, como mostra que podemos estar caminhando para um grande retrocesso. E, novamente, quem est\u00e1 pagando a conta s\u00e3o os mesmos de sempre: as pessoas em situa\u00e7\u00e3o de pobreza, a popula\u00e7\u00e3o negra e as mulheres &#8211; afirma Katia Maia, diretora-executiva da organiza\u00e7\u00e3o.<\/div>\n<\/div>\n<\/div>\n<\/div>\n<p>Rafael Georges, coordenador de Campanhas da Oxfam Brasil e autor do relat\u00f3rio, aponta onde o pa\u00eds tem cometido erros:<\/p>\n<aside>&#8211; Nosso relat\u00f3rio n\u00e3o s\u00f3 revela que o pa\u00eds estagnou em rela\u00e7\u00e3o \u00e0 redu\u00e7\u00e3o das desigualdades, como mostra que podemos estar caminhando para um grande retrocesso. E, novamente, quem est\u00e1 pagando a conta s\u00e3o os mesmos de sempre: as pessoas em situa\u00e7\u00e3o de pobreza, a popula\u00e7\u00e3o negra e as mulheres &#8211; afirma Katia Maia, diretora-executiva da organiza\u00e7\u00e3o.<\/p>\n<p>Rafael Georges, coordenador de Campanhas da Oxfam Brasil e autor do relat\u00f3rio, aponta onde o pa\u00eds tem cometido erros:<\/p>\n<aside>O Brasil \u00e9 o pa\u00eds que menos tributa renda de patrim\u00f4nio, se comparado ao total de sua carga tribut\u00e1ria bruta, dentre os 36 pa\u00edses da Organiza\u00e7\u00e3o para a Coopera\u00e7\u00e3o e o Desenvolvimento Econ\u00f4mico (OCDE). Por aqui, de cada R$ 1 arrecadado, apenas R$ 0,22 vem de taxas sobre a renda e do patrim\u00f4nio.<\/p>\n<p>Nos demais pa\u00edses, essa mordida seria de R$ 0,40 para cada R$ 1 pago em tributos. Nos Estados Unidos, por exemplo, 59,4% do que \u00e9 arrecadado pelo Fisco vem de impostos sobre a renda e o patrim\u00f4nio da popula\u00e7\u00e3o. Isso significa que, no Brasil, a tributa\u00e7\u00e3o recai muito mais sobre o consumo, que basicamente \u00e9 movido pelas fam\u00edlias de renda menor. Assim, o sistema tribut\u00e1rio acaba penalizando os que t\u00eam rendimentos mais baixos.<\/p>\n<p>&#8220;Em outras palavras, existe lastro na sociedade para pol\u00edticas fiscais redistributivas \u2013 incluindo as tribut\u00e1rias&#8221;, ressaltou a Oxfam, no documento.<\/p>\n<p>Segundo Georges, com algumas mudan\u00e7as no sistema tribut\u00e1rio, o Brasil poderia avan\u00e7ar de dois a cinco anos em redu\u00e7\u00e3o de desigualdades, considerando a m\u00e9dia de redu\u00e7\u00e3o verificada no pa\u00eds desde a Constitui\u00e7\u00e3o de 1988.<\/p>\n<p>Ainda segundo o estudo, quase oito em cada dez brasileiros esperam que governos ajam para reduzir desigualdades.<\/p>\n<p>Na avalia\u00e7\u00e3o da organiza\u00e7\u00e3o, o Brasil tem um sistema fiscal mais efetivo (no sentido de reduzir mais as desigualdades) que grandes economias da regi\u00e3o como Col\u00f4mbia e M\u00e9xico, superior \u00e0 m\u00e9dia da Am\u00e9rica Latina e Caribe e compar\u00e1vel ao da Argentina. No entanto, est\u00e1 bastante atr\u00e1s de pa\u00edses da OCDE e, ainda mais dos 15 pa\u00edses mais ricos da Uni\u00e3o Europeia.<\/p>\n<section>\n<article>&#8220;H\u00e1 um grande espa\u00e7o e uma ineg\u00e1vel urg\u00eancia para a revers\u00e3o de privil\u00e9gios no Brasil. H\u00e1 d\u00e9cadas, os mais ricos det\u00eam uma enorme fatia da renda nacional, seja em contexto de crise ou de bonan\u00e7a&#8221;, diz o documento da Oxfam.<\/p>\n<p>&#8220;Isen\u00e7\u00f5es fiscais, benevolentes benef\u00edcios e rela\u00e7\u00f5es de compadrio com o Estado marcam a composi\u00e7\u00e3o da renda do topo da pir\u00e2mide social, enquanto o pa\u00eds tem um dos piores n\u00edveis de mobilidade social do planeta. Portanto, \u00e9 imperativo que solu\u00e7\u00f5es para as contas p\u00fablicas perpassem pelo cerne da quest\u00e3o, ou seja, a real discuss\u00e3o redistributiva no pa\u00eds, inserindo os direitos da base da pir\u00e2mide social na equa\u00e7\u00e3o fiscal&#8221;, defende a Oxfam.<\/p>\n<section>&nbsp;<\/p>\n<p><em><strong>O Globo<\/strong><\/em><\/p>\n<\/section>\n<\/article>\n<\/section>\n<\/aside>\n<\/aside>\n","protected":false},"excerpt":{"rendered":"<p>A edi\u00e7\u00e3o 2018 do relat\u00f3rio da Oxfam Brasil &#8220;Pa\u00eds estagnado: um retrato das desigualdades brasileiras&#8221;, divulgado nesta segunda-feira, mostra que, globalmente, o Brasil piorou seu&hellip; <\/p>\n","protected":false},"author":1,"featured_media":74444,"comment_status":"closed","ping_status":"closed","sticky":false,"template":"","format":"standard","meta":{"sfsi_plus_gutenberg_text_before_share":"","sfsi_plus_gutenberg_show_text_before_share":"","sfsi_plus_gutenberg_icon_type":"","sfsi_plus_gutenberg_icon_alignemt":"","sfsi_plus_gutenburg_max_per_row":"","footnotes":""},"categories":[2],"tags":[],"class_list":["post-74443","post","type-post","status-publish","format-standard","has-post-thumbnail","hentry","category-geral"],"_links":{"self":[{"href":"https:\/\/www.caririemacao.com\/1\/wp-json\/wp\/v2\/posts\/74443","targetHints":{"allow":["GET"]}}],"collection":[{"href":"https:\/\/www.caririemacao.com\/1\/wp-json\/wp\/v2\/posts"}],"about":[{"href":"https:\/\/www.caririemacao.com\/1\/wp-json\/wp\/v2\/types\/post"}],"author":[{"embeddable":true,"href":"https:\/\/www.caririemacao.com\/1\/wp-json\/wp\/v2\/users\/1"}],"replies":[{"embeddable":true,"href":"https:\/\/www.caririemacao.com\/1\/wp-json\/wp\/v2\/comments?post=74443"}],"version-history":[{"count":1,"href":"https:\/\/www.caririemacao.com\/1\/wp-json\/wp\/v2\/posts\/74443\/revisions"}],"predecessor-version":[{"id":74445,"href":"https:\/\/www.caririemacao.com\/1\/wp-json\/wp\/v2\/posts\/74443\/revisions\/74445"}],"wp:featuredmedia":[{"embeddable":true,"href":"https:\/\/www.caririemacao.com\/1\/wp-json\/wp\/v2\/media\/74444"}],"wp:attachment":[{"href":"https:\/\/www.caririemacao.com\/1\/wp-json\/wp\/v2\/media?parent=74443"}],"wp:term":[{"taxonomy":"category","embeddable":true,"href":"https:\/\/www.caririemacao.com\/1\/wp-json\/wp\/v2\/categories?post=74443"},{"taxonomy":"post_tag","embeddable":true,"href":"https:\/\/www.caririemacao.com\/1\/wp-json\/wp\/v2\/tags?post=74443"}],"curies":[{"name":"wp","href":"https:\/\/api.w.org\/{rel}","templated":true}]}}