{"id":74449,"date":"2018-11-26T22:10:05","date_gmt":"2018-11-27T01:10:05","guid":{"rendered":"http:\/\/www.caririemacao.com\/1\/?p=74449"},"modified":"2018-11-26T22:10:05","modified_gmt":"2018-11-27T01:10:05","slug":"chega-a-alpb-projeto-de-autoria-de-ricardo-coutinho-que-barra-escola-sem-partido","status":"publish","type":"post","link":"https:\/\/www.caririemacao.com\/1\/2018\/11\/26\/chega-a-alpb-projeto-de-autoria-de-ricardo-coutinho-que-barra-escola-sem-partido\/","title":{"rendered":"Chega \u00e0 ALPB projeto de autoria de Ricardo Coutinho que barra \u201cEscola Sem Partido\u201d"},"content":{"rendered":"<p>J\u00e1 tramita na Assembleia Legislativa da Para\u00edba o projeto de autoria do governador Ricardo Coutinho (PSB) que garante \u00e0 liberdade de express\u00e3o e pensamentos por parte de professores, alunos e funcion\u00e1rios nas escolas da rede p\u00fablica e privada de ensino do Estado. O projeto prev\u00ea puni\u00e7\u00e3o a quem descumprir a legisla\u00e7\u00e3o.<\/p>\n<p>De acordo com o texto, encaminhado na semana passada \u00e0 Casa, ficar\u00e1 vedado no ambiente escolar,\u00a0 atos atentat\u00f3rios aos direitos fundamentais, como discriminat\u00f3rio e preconceituoso, cerceamento de opini\u00f5es mediante viol\u00eancia ou amea\u00e7a, a\u00e7\u00f5es que configurem em crimes como cal\u00fania, difama\u00e7\u00e3o ou inj\u00faria, e qualquer press\u00e3o ou coa\u00e7\u00e3o que represente na viola\u00e7\u00e3o de princ\u00edpios que regem a educa\u00e7\u00e3o.<\/p>\n<p>Tamb\u00e9m ser\u00e1 proibido o uso de equipamentos eletr\u00f4nicos que n\u00e3o sejam com fins educacionais, durante a realiza\u00e7\u00e3o de atividade escolares ou sem a pr\u00e9via autoriza\u00e7\u00e3o dos professores.<\/p>\n<p>Caso qualquer ato desse seja registrado, a dire\u00e7\u00e3o da unidade escolar ser\u00e1 respons\u00e1vel para coibir e sanar, mediante de representa\u00e7\u00e3o verbal ou por escrito de quem se sentir ofendido. Confirmado a infra\u00e7\u00e3o, a escola ter\u00e1 at\u00e9 dez dias \u00fateis para encaminhar \u00e0 Secretaria de Educa\u00e7\u00e3o, um relat\u00f3rio em que constem as autorias e a narrativa a \u2018censura\u2019.<\/p>\n<p>\u201cAs unidades de ensino, ouvidos os atores do processo educacional (professores, funcion\u00e1rios e alunos), sem preju\u00edzo da responsabiliza\u00e7\u00e3o civil, criminal e administrativa dos eventuais transgressores, dever\u00e3o estabelecer em seus regulamentos san\u00e7\u00f5es de advert\u00eancia e suspens\u00e3o para quem descumprir os preceitos desta lei, assegurados o contradit\u00f3rio e a ampla defesa\u201d, diz um trecho do projeto.<\/p>\n<p>Por fim, o governador sugere no projeto que devem ser fixados cartazes nas escolas com a frase: Escola \u00e9 territ\u00f3rio aberto do conhecimento e livre de censura: repress\u00e3o ideol\u00f3gica n\u00e3o \u00e9 legal. Lei Estadual n\u00ba _____\/2018.<\/p>\n<p>O projeto ser\u00e1 analisado nesta ter\u00e7a-feira (27) pela Comiss\u00e3o de Constitui\u00e7\u00e3o e Justi\u00e7a e em seguida encaminhado para vota\u00e7\u00e3o no plen\u00e1rio da Assembleia.<\/p>\n<p><br clear=\"all\" \/><br clear=\"all\" \/><\/p>\n<p>Fonte: MaisPB<\/p>\n","protected":false},"excerpt":{"rendered":"<p>J\u00e1 tramita na Assembleia Legislativa da Para\u00edba o projeto de autoria do governador Ricardo Coutinho (PSB) que garante \u00e0 liberdade de express\u00e3o e pensamentos por&hellip; <\/p>\n","protected":false},"author":1,"featured_media":38867,"comment_status":"closed","ping_status":"closed","sticky":false,"template":"","format":"standard","meta":{"sfsi_plus_gutenberg_text_before_share":"","sfsi_plus_gutenberg_show_text_before_share":"","sfsi_plus_gutenberg_icon_type":"","sfsi_plus_gutenberg_icon_alignemt":"","sfsi_plus_gutenburg_max_per_row":"","footnotes":""},"categories":[11],"tags":[],"class_list":["post-74449","post","type-post","status-publish","format-standard","has-post-thumbnail","hentry","category-politica"],"_links":{"self":[{"href":"https:\/\/www.caririemacao.com\/1\/wp-json\/wp\/v2\/posts\/74449","targetHints":{"allow":["GET"]}}],"collection":[{"href":"https:\/\/www.caririemacao.com\/1\/wp-json\/wp\/v2\/posts"}],"about":[{"href":"https:\/\/www.caririemacao.com\/1\/wp-json\/wp\/v2\/types\/post"}],"author":[{"embeddable":true,"href":"https:\/\/www.caririemacao.com\/1\/wp-json\/wp\/v2\/users\/1"}],"replies":[{"embeddable":true,"href":"https:\/\/www.caririemacao.com\/1\/wp-json\/wp\/v2\/comments?post=74449"}],"version-history":[{"count":1,"href":"https:\/\/www.caririemacao.com\/1\/wp-json\/wp\/v2\/posts\/74449\/revisions"}],"predecessor-version":[{"id":74450,"href":"https:\/\/www.caririemacao.com\/1\/wp-json\/wp\/v2\/posts\/74449\/revisions\/74450"}],"wp:featuredmedia":[{"embeddable":true,"href":"https:\/\/www.caririemacao.com\/1\/wp-json\/wp\/v2\/media\/38867"}],"wp:attachment":[{"href":"https:\/\/www.caririemacao.com\/1\/wp-json\/wp\/v2\/media?parent=74449"}],"wp:term":[{"taxonomy":"category","embeddable":true,"href":"https:\/\/www.caririemacao.com\/1\/wp-json\/wp\/v2\/categories?post=74449"},{"taxonomy":"post_tag","embeddable":true,"href":"https:\/\/www.caririemacao.com\/1\/wp-json\/wp\/v2\/tags?post=74449"}],"curies":[{"name":"wp","href":"https:\/\/api.w.org\/{rel}","templated":true}]}}