{"id":74457,"date":"2018-11-27T10:28:17","date_gmt":"2018-11-27T13:28:17","guid":{"rendered":"http:\/\/www.caririemacao.com\/1\/?p=74457"},"modified":"2018-11-27T10:32:04","modified_gmt":"2018-11-27T13:32:04","slug":"adailsinho-parabeniza-comunidade-catolica-de-gurjao-pela-realizacao-do-3o-desperta-jovem","status":"publish","type":"post","link":"https:\/\/www.caririemacao.com\/1\/2018\/11\/27\/adailsinho-parabeniza-comunidade-catolica-de-gurjao-pela-realizacao-do-3o-desperta-jovem\/","title":{"rendered":"Adailsinho parabeniza comunidade cat\u00f3lica de Gurj\u00e3o pela realiza\u00e7\u00e3o do 3\u00ba Desperta Jovem"},"content":{"rendered":"<p>O presidente da C\u00e2mara Vereadores de Gurj\u00e3o, o vereador Adailsinho parabenizou, atrav\u00e9s de nota divulgada pela assessoria, toda a organiza\u00e7\u00e3o e a comunidade cat\u00f3lica do munic\u00edpio pela realiza\u00e7\u00e3o do 3\u00ba Desperta Jovem.<\/p>\n<p>O vereador presidente fez quest\u00e3o de enaltecer o trabalho de toda equipe organizadora do evento que reuniu centenas de jovens em Gurj\u00e3o.\u00a0 O evento ocorreu no \u00faltimo domingo (18) e reuniu mais de 300 jovens da regi\u00e3o do Cariri.<\/p>\n<p>A 3\u00aa edi\u00e7\u00e3o o Desperta Jovem teve como tema \u201cSeja Luz\u201d. Confira a nota:<\/p>\n<p><em>Venho por meio desta externar a minha alegria, bem como, parabenizar a todos os que fazem a comunidade S\u00e3o Sebasti\u00e3o, e em especial a Pastoral da Juventude, pelo bel\u00edssimo evento, destinado aos jovens, e mais que isso, destinado a levar os jovens de Gurj\u00e3o e regi\u00e3o ao encontro com Deus.\u00a0\u00a0<\/em><\/p>\n<p><em>Quero ainda congratular-me com os sacerdotes, Pe. Joselito e Pe. Cristino Silva pelo zelo que tem tido com a nossa comunidade.<\/em><\/p>\n<p><em>Destaco ainda, que os trabalho dos padres e da comunidade \u00e9 de grade valia e t\u00eam sem d\u00favida apresentado novos caminhos, caminhos de luz para nossa juventude. No mais, desejo vida longa e muita sa\u00fade a todos que se empenharam nessa miss\u00e3o em defesa dos jovens de nossa cidade.<\/em><\/p>\n<p><strong>Adailsinho Queiroz- Presidente<\/strong><\/p>\n<p style=\"text-align: right;\"><em><strong>Reda\u00e7\u00e3o Cariri em A\u00e7\u00e3o\u00a0<\/strong><\/em><\/p>\n","protected":false},"excerpt":{"rendered":"<p>O presidente da C\u00e2mara Vereadores de Gurj\u00e3o, o vereador Adailsinho parabenizou, atrav\u00e9s de nota divulgada pela assessoria, toda a organiza\u00e7\u00e3o e a comunidade cat\u00f3lica do&hellip; <\/p>\n","protected":false},"author":1,"featured_media":74458,"comment_status":"closed","ping_status":"closed","sticky":false,"template":"","format":"standard","meta":{"sfsi_plus_gutenberg_text_before_share":"","sfsi_plus_gutenberg_show_text_before_share":"","sfsi_plus_gutenberg_icon_type":"","sfsi_plus_gutenberg_icon_alignemt":"","sfsi_plus_gutenburg_max_per_row":"","footnotes":""},"categories":[6],"tags":[],"class_list":["post-74457","post","type-post","status-publish","format-standard","has-post-thumbnail","hentry","category-cidades"],"_links":{"self":[{"href":"https:\/\/www.caririemacao.com\/1\/wp-json\/wp\/v2\/posts\/74457","targetHints":{"allow":["GET"]}}],"collection":[{"href":"https:\/\/www.caririemacao.com\/1\/wp-json\/wp\/v2\/posts"}],"about":[{"href":"https:\/\/www.caririemacao.com\/1\/wp-json\/wp\/v2\/types\/post"}],"author":[{"embeddable":true,"href":"https:\/\/www.caririemacao.com\/1\/wp-json\/wp\/v2\/users\/1"}],"replies":[{"embeddable":true,"href":"https:\/\/www.caririemacao.com\/1\/wp-json\/wp\/v2\/comments?post=74457"}],"version-history":[{"count":2,"href":"https:\/\/www.caririemacao.com\/1\/wp-json\/wp\/v2\/posts\/74457\/revisions"}],"predecessor-version":[{"id":74461,"href":"https:\/\/www.caririemacao.com\/1\/wp-json\/wp\/v2\/posts\/74457\/revisions\/74461"}],"wp:featuredmedia":[{"embeddable":true,"href":"https:\/\/www.caririemacao.com\/1\/wp-json\/wp\/v2\/media\/74458"}],"wp:attachment":[{"href":"https:\/\/www.caririemacao.com\/1\/wp-json\/wp\/v2\/media?parent=74457"}],"wp:term":[{"taxonomy":"category","embeddable":true,"href":"https:\/\/www.caririemacao.com\/1\/wp-json\/wp\/v2\/categories?post=74457"},{"taxonomy":"post_tag","embeddable":true,"href":"https:\/\/www.caririemacao.com\/1\/wp-json\/wp\/v2\/tags?post=74457"}],"curies":[{"name":"wp","href":"https:\/\/api.w.org\/{rel}","templated":true}]}}