{"id":74460,"date":"2018-11-27T10:32:42","date_gmt":"2018-11-27T13:32:42","guid":{"rendered":"http:\/\/www.caririemacao.com\/1\/?p=74460"},"modified":"2018-11-27T10:32:42","modified_gmt":"2018-11-27T13:32:42","slug":"caraubas-presidente-da-camara-convida-populacao-para-participar-de-sessao-ordinaria-desta-terca-feira-27","status":"publish","type":"post","link":"https:\/\/www.caririemacao.com\/1\/2018\/11\/27\/caraubas-presidente-da-camara-convida-populacao-para-participar-de-sessao-ordinaria-desta-terca-feira-27\/","title":{"rendered":"Cara\u00fabas: Presidente da C\u00e2mara convida popula\u00e7\u00e3o para participar de sess\u00e3o ordin\u00e1ria desta ter\u00e7a-feira (27)"},"content":{"rendered":"<p>O Presidente da C\u00e2mara Municipal de Cara\u00fabas, Jos\u00e9 Renivan Neves, convida toda popula\u00e7\u00e3o caraubense para participar dos trabalhos legislativos desta ter\u00e7a-feira (27), o in\u00edcio das atividades est\u00e1 previsto para as 18h, na sede do poder legislativo, \u201cCasa Pl\u00e1cido Ferreira de Lira\u201d.<\/p>\n<p>\u201cAcompanhar as sess\u00f5es \u00e9 um ato de cidadania, a presen\u00e7a da popula\u00e7\u00e3o \u00e9 contribui\u00e7\u00e3o para aperfei\u00e7oar o trabalho dos vereadores o que resulta na melhoria da qualidade de vida dos cidad\u00e3os em todas as \u00e1reas p\u00fablicas, por isso, sintam-se todos convidados\u201d, disse o presidente Renivan.<\/p>\n<p style=\"text-align: right;\"><em><strong>Reda\u00e7\u00e3o Cariri em A\u00e7\u00e3o\u00a0<\/strong><\/em><\/p>\n","protected":false},"excerpt":{"rendered":"<p>O Presidente da C\u00e2mara Municipal de Cara\u00fabas, Jos\u00e9 Renivan Neves, convida toda popula\u00e7\u00e3o caraubense para participar dos trabalhos legislativos desta ter\u00e7a-feira (27), o in\u00edcio das&hellip; <\/p>\n","protected":false},"author":1,"featured_media":41959,"comment_status":"closed","ping_status":"closed","sticky":false,"template":"","format":"standard","meta":{"sfsi_plus_gutenberg_text_before_share":"","sfsi_plus_gutenberg_show_text_before_share":"","sfsi_plus_gutenberg_icon_type":"","sfsi_plus_gutenberg_icon_alignemt":"","sfsi_plus_gutenburg_max_per_row":"","footnotes":""},"categories":[2],"tags":[],"class_list":["post-74460","post","type-post","status-publish","format-standard","has-post-thumbnail","hentry","category-geral"],"_links":{"self":[{"href":"https:\/\/www.caririemacao.com\/1\/wp-json\/wp\/v2\/posts\/74460","targetHints":{"allow":["GET"]}}],"collection":[{"href":"https:\/\/www.caririemacao.com\/1\/wp-json\/wp\/v2\/posts"}],"about":[{"href":"https:\/\/www.caririemacao.com\/1\/wp-json\/wp\/v2\/types\/post"}],"author":[{"embeddable":true,"href":"https:\/\/www.caririemacao.com\/1\/wp-json\/wp\/v2\/users\/1"}],"replies":[{"embeddable":true,"href":"https:\/\/www.caririemacao.com\/1\/wp-json\/wp\/v2\/comments?post=74460"}],"version-history":[{"count":2,"href":"https:\/\/www.caririemacao.com\/1\/wp-json\/wp\/v2\/posts\/74460\/revisions"}],"predecessor-version":[{"id":74463,"href":"https:\/\/www.caririemacao.com\/1\/wp-json\/wp\/v2\/posts\/74460\/revisions\/74463"}],"wp:featuredmedia":[{"embeddable":true,"href":"https:\/\/www.caririemacao.com\/1\/wp-json\/wp\/v2\/media\/41959"}],"wp:attachment":[{"href":"https:\/\/www.caririemacao.com\/1\/wp-json\/wp\/v2\/media?parent=74460"}],"wp:term":[{"taxonomy":"category","embeddable":true,"href":"https:\/\/www.caririemacao.com\/1\/wp-json\/wp\/v2\/categories?post=74460"},{"taxonomy":"post_tag","embeddable":true,"href":"https:\/\/www.caririemacao.com\/1\/wp-json\/wp\/v2\/tags?post=74460"}],"curies":[{"name":"wp","href":"https:\/\/api.w.org\/{rel}","templated":true}]}}